{"id":7622,"date":"2023-03-02T02:30:15","date_gmt":"2023-03-02T01:30:15","guid":{"rendered":"http:\/\/www.jepars.ch\/magazine\/?p=7622"},"modified":"2023-05-24T17:27:07","modified_gmt":"2023-05-24T16:27:07","slug":"geneve-de-l%e2%80%99histoire-des-contes-et-des-legendes","status":"publish","type":"post","link":"https:\/\/www.jepars.ch\/magazine\/geneve-de-l%e2%80%99histoire-des-contes-et-des-legendes\/","title":{"rendered":"Gen\u00e8ve de l\u2019histoire, des contes et des l\u00e9gendes"},"content":{"rendered":"<p><strong>La ville de Calvin visit\u00e9e autrement<\/strong><br \/>\nSi vous croyez conna\u00eetre Gen\u00e8ve, sachez qu\u2019elle est jalonn\u00e9e de sites qui donnent lieu \u00e0 une quantit\u00e9 d\u2019histoires, certaines vraies, certaines romanc\u00e9es, certaines qui sont des inventions l\u00e9gendaires et que vous ignorez peut-\u00eatre. De quoi la visiter d\u2019un \u0153il nouveau.<\/p>\n<p>Connaissez-vous la l\u00e9gende du lac L\u00e9man? Pour Rabelais, c\u2019\u00e9tait \u00abla faute \u00e0 Gargantua\u00bb. Un jour d\u2019\u00e9t\u00e9, le g\u00e9ant se rendit \u00e0 Gen\u00e8ve. Il faisait une chaleur torride. Il n\u2019y avait pas de lac, seulement le Rh\u00f4ne. Impossible de boire dans ce mince filet d\u2019eau. Il creusa de sa main gauche une grande cavit\u00e9 pour accumuler de quoi boire, ce qui donne aujourd\u2019hui le lac L\u00e9man. Il posa la terre de c\u00f4t\u00e9 et en fit une montagne pour les habitants qui s\u2019exclam\u00e8rent en disant \u00ab\u00e7a l\u00e8ve!\u00bb, ce qui donna son nom \u00e0 la montagne du Sal\u00e8ve.<\/p>\n<p><img loading=\"lazy\" decoding=\"async\" class=\"alignnone size-medium wp-image-8123\" src=\"http:\/\/www.jepars.ch\/magazine\/wp-content\/uploads\/2012\/12\/L_oeuvre_de_Gargantua_GeneveTourisme-455x303.jpg\" alt=\"Extr\u00e9mit\u00e9 du Lac L\u00e9man \u00e0 Gen\u00e8ve\" width=\"455\" height=\"303\" srcset=\"https:\/\/www.jepars.ch\/magazine\/wp-content\/uploads\/2012\/12\/L_oeuvre_de_Gargantua_GeneveTourisme-455x303.jpg 455w, https:\/\/www.jepars.ch\/magazine\/wp-content\/uploads\/2012\/12\/L_oeuvre_de_Gargantua_GeneveTourisme-150x100.jpg 150w, https:\/\/www.jepars.ch\/magazine\/wp-content\/uploads\/2012\/12\/L_oeuvre_de_Gargantua_GeneveTourisme.jpg 1024w\" sizes=\"auto, (max-width: 455px) 100vw, 455px\" \/><\/p>\n<p><strong>Rive droite<\/strong><br \/>\nEn 1820, l\u2019ing\u00e9nieur civil Guillaume-Henri Dufour a mesur\u00e9 depuis Marseille, avec des instruments simples, l\u2019altitude exacte d\u2019un rocher portant le nom de Pierre du Niton, bloc erratique d\u00e9pos\u00e9 par le glacier du Rh\u00f4ne sur les rives du L\u00e9man. D\u2019une distance de 500 km environ, il s\u2019est tromp\u00e9 de 47 cm! Dans la lanc\u00e9e, il a dress\u00e9 la carte de toute la Suisse pour se pencher ensuite sur la carte du monde, en utilisant le proc\u00e9d\u00e9 de hachures pour faire ressortir les reliefs topographiques.<\/p>\n<p>En 1834, lorsque fut \u00e9rig\u00e9e la statue de Jean-Jacques Rousseau sur l\u2019\u00eele du m\u00eame nom, certaines familles genevoises \u00e9taient f\u00e2ch\u00e9es avec l\u2019\u00e9crivain. Elles exig\u00e8rent que le visage de la statue soit tourn\u00e9 vers le lac pour ne pas le voir. Manque de chance, c\u2019est en 1862 que fut construit le pont du Mont-Blanc duquel on put voir \u00e0 nouveau son visage.<\/p>\n<p>Saviez-vous que c\u2019est en banlieue de Gen\u00e8ve, \u00e0 la villa Diodati, que vint habiter la romanci\u00e8re Mary Shelley avec son \u00e9poux Percy, un ami de Lord Byron? C\u2019est l\u00e0 qu\u2019elle \u00e9crivit le roman de Frankenstein en 1816.<\/p>\n<p><strong>Le Beau-Rivage<br \/>\n<\/strong>Comme chacun sait, plusieurs palaces longent les quais du Mont-Blanc. Chacun poss\u00e8de son lot d\u2019anecdotes, mais c\u2019est peut \u00eatre le Beau-Rivage qui remporte la palme. C\u2019est le 2e \u00e9tage du c\u00e9l\u00e8bre palace qui accueillit l\u2019imp\u00e9ratrice Sissi pour une nuit le 10 septembre 1898. Le lendemain matin, elle sortit pour se distraire de son vague \u00e0 l\u2019\u00e2me. Sur son chemin passa Luigi Lucheni, un anarchiste italien qui avait en t\u00eate de tuer un prince europ\u00e9en. Faute d\u2019atteindre le comte de Paris, il avait appris que la c\u00e9l\u00e8bre imp\u00e9ratrice s\u00e9journait \u00e0 Gen\u00e8ve. Il guetta sa sortie et la tua d\u2019un coup de poignard, au moment o\u00f9 elle s\u2019appr\u00eatait \u00e0 prendre le bateau. En son souvenir, une statue tr\u00f4ne sur le quai face au Beau-Rivage.<\/p>\n<p><img loading=\"lazy\" decoding=\"async\" class=\"alignleft wp-image-8125\" style=\"margin: 3px 15px -3px 0px;\" src=\"http:\/\/www.jepars.ch\/magazine\/wp-content\/uploads\/2012\/12\/Mausol\u00e9e_Brunswick_GeneveTourisme-455x682.jpg\" alt=\"Mausol\u00e9e Brunswick\" width=\"210\" height=\"315\" srcset=\"https:\/\/www.jepars.ch\/magazine\/wp-content\/uploads\/2012\/12\/Mausol\u00e9e_Brunswick_GeneveTourisme-455x682.jpg 455w, https:\/\/www.jepars.ch\/magazine\/wp-content\/uploads\/2012\/12\/Mausol\u00e9e_Brunswick_GeneveTourisme.jpg 683w\" sizes=\"auto, (max-width: 210px) 100vw, 210px\" \/>Charles d\u2019Este-Guelph, duc de Brunswick, \u00e9tait un r\u00e9gent allemand des environs de Berlin. En raison de ses extravagances, il fut exil\u00e9 \u00e0 Londres, \u00e0 Paris, puis \u00e0 Gen\u00e8ve, o\u00f9 il v\u00e9cut trois ans avant de mourir en 1873.Il poss\u00e9dait une immense fortune acquise dans la vente d\u2019armes et de nombreux investissements. Ce fut un autre client c\u00e9l\u00e8bre du Schwepope, SchweppsBeau-Rivage, o\u00f9 il avait \u00e9lu domicile \u00e0 l\u2019ann\u00e9e et o\u00f9 il organisait des f\u00eates en permanence. A sa mort, son testament stipulait qu\u2019il c\u00e9dait sa fortune \u2013 un milliard de francs suisses \u2013 \u00e0 la ville de Gen\u00e8ve \u00e0 condition qu\u2019elle lui \u00e9rige un monument fun\u00e9raire pour la construction duquel il avait donn\u00e9 beaucoup d\u2019instructions pr\u00e9cises. La ville de Gen\u00e8ve ne d\u00e9pensa que 10% de cette fortune pour la construction du mausol\u00e9e.<\/p>\n<p><strong>Rive gauche<br \/>\n<\/strong>C\u2019est sur la place du Molard que fut c\u00e9l\u00e9br\u00e9 le premier service religieux protestant le 1er janvier 1533 par un professeur d\u2019\u00e9cole du nom de Froment. Il apprenait aux enfants \u00e0 lire et \u00e0 \u00e9crire gratuitement (pour que le peuple puisse lire la Bible).<\/p>\n<p>Sur la place Neuve donne la maison o\u00f9 v\u00e9cut l\u2019orf\u00e8vre Johann Jacob Schweppe qui, avec le chimiste Albert Gosse, mit en service, en 1783, la \u00abMachine de Gen\u00e8ve\u00bb, qui permit de dissoudre du dioxyde de carbone dans l\u2019eau pour en faire de l\u2019eau gazeuse, qui donna plus tard le Schweppes.<\/p>\n<p>Une l\u00e9gende int\u00e9ressante est celle de l\u2019\u00e9glise de la Madeleine. Sur la place aujourd\u2019hui du m\u00eame nom, vivait une jeune fille seule du nom de Madeleine; elle filait la quenouille de l\u2019aurore au couchant. On ne la voyait jamais d\u00e9penser son argent et elle vivait chichement. A sa mort, on d\u00e9couvrit qu\u2019elle avait amass\u00e9 un magot consid\u00e9rable. Celui-ci \u00e9tait accompagn\u00e9 d\u2019un testament indiquant qu\u2019on devait construire une \u00e9glise et la baptiser de son nom, ce qui fut fait.<\/p>\n<p>Michel Servet qui participa \u00e0 la R\u00e9forme fut condamn\u00e9 pour h\u00e9r\u00e9sie en Espagne. Il s\u2019\u00e9tait alors r\u00e9fugi\u00e9 \u00e0 Gen\u00e8ve o\u00f9 il ne se privait pas de provoquer Jean Calvin avec des id\u00e9es contestataires, contraires au fondement de l\u2019Eglise r\u00e9form\u00e9e. Calvin, de concert avec Farel, craignait la cr\u00e9ation d\u2019un mouvement s\u00e9paratiste. Un jour, Servet assista \u00e0 un culte de Calvin au temple de la Madeleine. Il fut remarqu\u00e9 et captur\u00e9 \u00e0 la sortie et, apr\u00e8s un long proc\u00e8s, il fut reconnu coupable de trahison et br\u00fbl\u00e9 vif.<\/p>\n<p>Au 14e si\u00e8cle, deux moines de Gen\u00e8ve traversaient le village de Brogny pr\u00e8s d\u2019Annecy et rencontr\u00e8rent un enfant qui gardait les cochons. Il avait un visage plus fin que ceux des enfants de paysans alentours. Les moines s\u2019adress\u00e8rent \u00e0 lui (on le nomma plus tard Jean de Brogny) et constat\u00e8rent que bien qu\u2019il n\u2019ait pas fr\u00e9quent\u00e9 l\u2019\u00e9cole, il \u00e9tait sup\u00e9rieurement intelligent. Ils persuad\u00e8rent ses parents de parfaire son \u00e9ducation. Il fit son instruction religieuse \u00e0 Gen\u00e8ve et ses \u00e9tudes de droit \u00e0 Zurich. Ayant \u00e9puis\u00e9 toutes ses possibilit\u00e9s d\u2019\u00e9tude, il d\u00e9cida de partir \u00e0 pied en Avignon pour rencontrer le pape Cl\u00e9ment VII. Il alla d\u2019abord chez un tacon (bottier de l\u2019\u00e9poque ayant donn\u00e9 son nom \u00e0 la place de la Taconnerie) pour se faire faire une paire de bottes. Le tacon proposa de lui faire cr\u00e9dit jusqu\u2019au jour o\u00f9 Jean de Brogny serait cardinal. Vingt ans plus tard, Jean de Brogny fut nomm\u00e9 cardinal \u00e0 la cath\u00e9drale Saint-Pierre de Gen\u00e8ve et paya le bottier.<\/p>\n<p>Ces histoires ne sont que quelques-unes qui m\u2019ont \u00e9t\u00e9 rapport\u00e9es par Ariel Haemmerl\u00e9 de Gen\u00e8ve-Tourisme. Si vous avez la chance de le rencontrer, il vous en racontera encore bien d\u2019autres.<\/p>\n<p><strong>G\u00e9rard Blanc<\/strong><\/p>\nngg_shortcode_0_placeholder\n<p>&nbsp;<\/p>\n<p><iframe loading=\"lazy\" style=\"border: 0;\" src=\"https:\/\/www.google.com\/maps\/embed?pb=!1m18!1m12!1m3!1d44180.52996415174!2d6.10175349458414!3d46.20482256937613!2m3!1f0!2f0!3f0!3m2!1i1024!2i768!4f13.1!3m3!1m2!1s0x478c650693d0e2eb%3A0xa0b695357b0bbc39!2zR2Vuw6h2ZQ!5e0!3m2!1sfr!2sch!4v1684945067129!5m2!1sfr!2sch\" width=\"455\" height=\"300\" allowfullscreen=\"allowfullscreen\"><\/iframe><\/p>\n","protected":false},"excerpt":{"rendered":"<p>OK<\/p>\n","protected":false},"author":3,"featured_media":8121,"comment_status":"open","ping_status":"closed","sticky":false,"template":"","format":"standard","meta":{"ngg_post_thumbnail":0,"footnotes":""},"categories":[7,39,91],"tags":[1859,1854,1849,1855,1856,1864,1860,1863,1852,1861,1865,1850,1862,1851,1866,1853,1857,1858],"class_list":["post-7622","post","type-post","status-publish","format-standard","has-post-thumbnail","hentry","category-europe","category-je-pars-tout-pres","category-suisse","tag-albert-gosse","tag-beau-rivage","tag-calvin","tag-charles-este-guelph","tag-duc-de-brunswick","tag-efkise-refromee","tag-eglise-de-la-madepeine","tag-farel","tag-gargantua","tag-jean-de-brogny","tag-madeleine-de-geneve","tag-michel-servet","tag-pape-clement-vii","tag-pierre3-du-niton","tag-place-du-molard","tag-saleve","tag-schweppe","tag-schweps"],"wps_subtitle":"JE PARS TOUT PR\u00c8S","_links":{"self":[{"href":"https:\/\/www.jepars.ch\/magazine\/wp-json\/wp\/v2\/posts\/7622","targetHints":{"allow":["GET"]}}],"collection":[{"href":"https:\/\/www.jepars.ch\/magazine\/wp-json\/wp\/v2\/posts"}],"about":[{"href":"https:\/\/www.jepars.ch\/magazine\/wp-json\/wp\/v2\/types\/post"}],"author":[{"embeddable":true,"href":"https:\/\/www.jepars.ch\/magazine\/wp-json\/wp\/v2\/users\/3"}],"replies":[{"embeddable":true,"href":"https:\/\/www.jepars.ch\/magazine\/wp-json\/wp\/v2\/comments?post=7622"}],"version-history":[{"count":21,"href":"https:\/\/www.jepars.ch\/magazine\/wp-json\/wp\/v2\/posts\/7622\/revisions"}],"predecessor-version":[{"id":21804,"href":"https:\/\/www.jepars.ch\/magazine\/wp-json\/wp\/v2\/posts\/7622\/revisions\/21804"}],"wp:featuredmedia":[{"embeddable":true,"href":"https:\/\/www.jepars.ch\/magazine\/wp-json\/wp\/v2\/media\/8121"}],"wp:attachment":[{"href":"https:\/\/www.jepars.ch\/magazine\/wp-json\/wp\/v2\/media?parent=7622"}],"wp:term":[{"taxonomy":"category","embeddable":true,"href":"https:\/\/www.jepars.ch\/magazine\/wp-json\/wp\/v2\/categories?post=7622"},{"taxonomy":"post_tag","embeddable":true,"href":"https:\/\/www.jepars.ch\/magazine\/wp-json\/wp\/v2\/tags?post=7622"}],"curies":[{"name":"wp","href":"https:\/\/api.w.org\/{rel}","templated":true}]}}