{"id":3810,"date":"2025-01-05T14:55:17","date_gmt":"2025-01-05T13:55:17","guid":{"rendered":"http:\/\/www.jepars.ch\/magazine\/?p=3810"},"modified":"2025-01-06T16:30:32","modified_gmt":"2025-01-06T15:30:32","slug":"petit-grand-carnaval-a-tenerife","status":"publish","type":"post","link":"https:\/\/www.jepars.ch\/magazine\/petit-grand-carnaval-a-tenerife\/","title":{"rendered":"Petit-grand carnaval \u00e0 Santa-Cruz de Tenerife"},"content":{"rendered":"<p><strong>Intimiste et populaire, le carnaval de Santa-Cruz de Tenerife est indubitablement espagnol.<\/strong><\/p>\n<p>Depuis l\u2019\u00e9lection de la Reine de carnaval, qui inaugure la partie officielle, jusqu\u2019\u00e0 l\u2019Enterrement de la Sardine, qui la cl\u00f4ture, c\u2019est une liesse sans fin pour les 15 000 figurants et 200 000 spectateurs qui rassemble tous les \u00e2ges et toutes les tranches de la soci\u00e9t\u00e9 santa-creuzienne. Parfois de condition modeste, les acteurs du carnaval de Santa-Cruz ont \u00e9t\u00e9 de tout temps habitu\u00e9s \u00e0 se d\u00e9brouiller avec les moyens du bord.<br \/>\nIl faut fouiner aux alentours de la calle Noria, dans les vieilles maisons de p\u00eacheurs multicolores, pour surprendre les groupes de carnaval, appel\u00e9s murgas, en pleine agitation. Dans des pi\u00e8ces enfum\u00e9es qui, en temps normal, servent de tavernes, on s\u2019entre-maquille, on recoud en h\u00e2te un bouton manquant, on donne un dernier coup de peinture \u00e0 un chapeau en carton ou \u00e0 un faux plastron. La curiosit\u00e9 pousse le visiteur privil\u00e9gi\u00e9 \u00e0 gravir des escaliers \u00e9troits jusqu\u2019\u00e0 une petite salle, o\u00f9 une chorale d\u2019une cinquantaine d\u2019adolescents r\u00e9p\u00e8te ind\u00e9finiment une chanson aux paroles satiriques, \u00e0 deux voix, sur un air de vari\u00e9t\u00e9 connu. L\u2019enjeu n\u2019est pas seulement de participer aux cort\u00e8ges, mais, surtout, apr\u00e8s des \u00e9liminatoires dignes de celles d\u2019une \u00e9lection de Miss Monde, de figurer au palmar\u00e8s des meilleurs d\u00e9guisements et productions. Plus que de gagner un prix offert par la mairie, c\u2019est le sentiment d\u2019avoir battu les groupes adverses qui prime, un peu comme lors d\u2019une s\u00e9lection d\u2019\u00e9quipe de football.<\/p>\n<p><a href=\"http:\/\/www.jepars.ch\/magazine\/wp-content\/uploads\/2018\/11\/2eDama.jpg\"><img loading=\"lazy\" decoding=\"async\" class=\"alignnone size-medium wp-image-16935\" src=\"http:\/\/www.jepars.ch\/magazine\/wp-content\/uploads\/2018\/11\/2eDama-455x572.jpg\" alt=\"Reine de Carnaval Tenerife\" width=\"455\" height=\"572\" srcset=\"https:\/\/www.jepars.ch\/magazine\/wp-content\/uploads\/2018\/11\/2eDama-455x572.jpg 455w, https:\/\/www.jepars.ch\/magazine\/wp-content\/uploads\/2018\/11\/2eDama.jpg 814w\" sizes=\"auto, (max-width: 455px) 100vw, 455px\" \/><\/a><br \/>\nQue la f\u00eate commence! L\u2019ouverture officielle du carnaval de Santa-Cruz a lieu sur la plaza de Espa\u00f1a. Elle n\u2019est accessible qu\u2019\u00e0 un millier de personnes tri\u00e9es sur le volet, lesquelles prennent place dans une tribune hi\u00e9rarchis\u00e9e, avec un espace r\u00e9serv\u00e9 aux V. I. P., parmi lesquelles figurent des sosies de personnalit\u00e9s. Tout autour de la place, les badauds se tordent le cou pour glaner quelques bribes du spectacle qui se d\u00e9roule sur le podium g\u00e9ant, retransmis sur grand \u00e9cran, tels les grands concerts de rock.<br \/>\nAccompagn\u00e9 d\u2019une musique forte en d\u00e9cibels, un pr\u00e9sentateur appara\u00eet et harangue la foule. Le jury entre en sc\u00e8ne en grande pompe pour se placer derri\u00e8re une longue table et \u00e9lire la Reine du carnaval. Le spectacle d\u2019ouverture durera plus de deux heures, au cours desquelles des murgas, des comparsas et des candellas se produiront, mais le plus palpitant est encore l\u2019\u00e9lection de la Reine de carnaval. En fait, elles sont au nombre de trois: la Grande Reine, la Reine enfantine et la Reine m\u00e8re ou Reine du troisi\u00e8me \u00e2ge. Le d\u00e9fil\u00e9 des postulantes au titre de Grande Reine est le plus spectaculaire. Les costumes de ces demoiselles de 15 \u00e0 22 ans sont de v\u00e9ritables \u00e9chafaudages qu\u2019elles portent sur leur t\u00eate et leurs \u00e9paules. Imaginez seulement des harnachements d\u2019environ quatre m\u00e8tres de large et autant de haut qui p\u00e8sent jusqu\u2019\u00e0 plus de cinquante kilos et sont faits de plumes, de ballons et de cartonnages d\u00e9cor\u00e9s! Les candidates doivent supporter sto\u00efquement devant le jury et le public tout en gardant le sourire: une \u00e9preuve de force! Le carnaval termin\u00e9, ces chefs d\u2019\u0153uvre d\u2019une ann\u00e9e de travail seront jet\u00e9s.<br \/>\nDerri\u00e8re la sc\u00e8ne, un espace sous toile est r\u00e9serv\u00e9 aux vestiaires des groupes qui viennent se produire. J\u2019y ai d\u00e9couvert une arm\u00e9e de costumi\u00e8res (m\u00e8res, tantes et grands-m\u00e8res) qui recousent en h\u00e2te un corset d\u00e9chir\u00e9 ou une plume qui se d\u00e9tache. Une fois \u00e9lues, les Reines et leurs dauphines occuperont les meilleures places dans les deux principaux cort\u00e8ges.<\/p>\n<p><strong>Dans la rue<\/strong><br \/>\nPour tout Santa-Creuziens qui se respecte, participer au carnaval signifie ne pas fermer l\u2019oeil pendant dix jours. Acteurs et spectateurs vivent d\u00e9guis\u00e9s et se regroupent en famille ou en coterie pour se retrouver au milieu de plusieurs milliers de danseurs sur les places de la ville. Imaginez la place d\u2019Espagne avec une for\u00eat de bras agit\u00e9s au rythme d\u2019une salsa endiabl\u00e9e. Entre deux bals de plein air, des groupes d\u2019hommes d\u00e9guis\u00e9s grossi\u00e8rement en femmes prennent \u00e0 partie les automobilistes et perturbent la circulation: on accepte tout pendant le carnaval! Vers 19 h, les bars \u00e0 tapas des ruelles avoisinant le th\u00e9\u00e2tre Guimer\u00e1 sont pris d\u2019assaut. Se frayer un passage pour acc\u00e9der au comptoir et passer sa commande rel\u00e8ve de l\u2019acrobatie. La bi\u00e8re et le vin coulent \u00e0 flot, et la machine \u00e0 d\u00e9couper le jambon Serrano turbine sans discontinuer. Puis, d\u2019un coup, les bars se vident et la foule migre vers la calle de Robayna pour ne rien manquer d\u2019un cort\u00e8ge qui est somme toute tr\u00e8s classique.<\/p>\n<p><img loading=\"lazy\" decoding=\"async\" class=\"alignleft size-medium wp-image-9566\" title=\"coro1\" src=\"http:\/\/www.jepars.ch\/magazine\/wp-content\/uploads\/2013\/10\/coro1-455x340.jpg\" alt=\"\" width=\"455\" height=\"340\" srcset=\"https:\/\/www.jepars.ch\/magazine\/wp-content\/uploads\/2013\/10\/coro1-455x340.jpg 455w, https:\/\/www.jepars.ch\/magazine\/wp-content\/uploads\/2013\/10\/coro1.jpg 1024w\" sizes=\"auto, (max-width: 455px) 100vw, 455px\" \/><\/p>\n<blockquote><p><strong>La moins baln\u00e9aire<\/strong><br \/>\nSans pour autant nier qu\u2019elle dispose de centres touristiques tels que Playa de Las Americas ou Puerto de la Cruz, l\u2019\u00eele de Tenerife d\u00e9\u00e7oit en bien par ses paysages vari\u00e9s et ses villes de type colonial. Le plus spectaculaire est d\u2019abord le parc volcanique du Teide et le Caldera de las Ca\u00f1adas au centre duquel pointe le Teide, volcan en sommeil dont le sommet est le plus souvent enneig\u00e9 et pointe au-dessus d\u2019une corolle de nuages, \u00e0 l\u2019instar du Fuji Yama. Autour, ce ne sont que d\u2019insolites sculptures naturelles de lave p\u00e9trifi\u00e9e prenant des formes que les habitants se sont empress\u00e9s d\u2019affubler de noms de stars du show business. Pour ce qui est des villes coloniales, les plus belles sont d\u2019abord celle de La Laguna accol\u00e9e \u00e0 Santa-Cruz, et, celles de Puerto de la Cruz (bien que tr\u00e8s touristique), et, surtout, La Orotava et Icod de los Vinos, tr\u00e8s caract\u00e9ristiques par les balcons bois\u00e9s des maisons bourgeoises.<\/p><\/blockquote>\n<p>C\u2019est \u00e0 minuit que s\u2019animent les places Santo-Domingo, Principe de Asturias ou encore les abords du parc Garcia Sanabria, o\u00f9 l\u2019on danse \u00e0 perdre haleine jusqu\u2019au lever du jour. Pour couronner le tout, des camiones, v\u00e9hicules servant de chars d\u00e9cor\u00e9s pour les cort\u00e8ges, sont pris d\u2019assaut par des danseuses et danseurs qui se hissent dessus et se d\u00e9hanchent au son d\u2019une salsa ou d\u2019une samba diffus\u00e9e \u00e0 tue-t\u00eate. La circulation de ces camiones tous les quarts d\u2019heure r\u00e9duit \u00e0 n\u00e9ant toute tentative de sommeil aux couche-t\u00f4t. A huit heures du matin, quand les haut-parleurs de la place d\u2019Espagne se sont tus, les caf\u00e9s et boulangeries sont envahis par les f\u00eatards qui avalent des churros (p\u00e2tisserie) accompagn\u00e9s d\u2019un chocolat chaud et d\u2019un verre de gn\u00f4le. Puis, les plus intr\u00e9pides se dirigent vers les bo\u00eetes pour prolonger la danse jusqu\u2019\u00e0 midi. Apr\u00e8s quelques heures d\u2019un petit somme, on rafra\u00eechi un peu les d\u00e9guisements froiss\u00e9s, et c\u2019est reparti pour un tour.<\/p>\n<p><strong>Epilogue<\/strong><br \/>\nDe tous les cort\u00e8ges du carnaval de Santa-Cruz, il en est un qui sort du lot: l\u2019Enterrement de la Sardine. Imaginez une sardine g\u00e9ante argent\u00e9e juch\u00e9e sur un char et suivie d\u2019un r\u00e9giment de faux pr\u00eatres exhibant des num\u00e9ros de Playboy, de bagnards et d\u2019hommes d\u00e9guis\u00e9s en fausses veuves \u00e9plor\u00e9es, avan\u00e7ant dans un balancement silencieux avec quelques sanglots \u00e9touff\u00e9s, depuis la place de la R\u00e9publique dominicaine jusqu\u2019au port. Au fur et \u00e0 mesure de sa progression, le cort\u00e8ge fun\u00e8bre grossit \u00e0 chaque m\u00e8tre. Sur le port, un grand b\u00fbcher attend qu\u2019on y hisse la sardine pour la br\u00fbler. Apr\u00e8s une oraison fun\u00e8bre prononc\u00e9e par un faux cardinal, une bacchanale, pas catholique du tout, est d\u00e9clench\u00e9e qui ne s\u2019ach\u00e8vera qu\u2019au petit matin.<\/p>\n<p><strong>G\u00e9rard Blanc<br \/>\n<\/strong><\/p>\nngg_shortcode_0_placeholder\n<h3><strong><span style=\"color: #ff0000\">Renseignements<\/span><\/strong><\/h3>\n<p>Vol : Gen\u00e8ve-Madrid-Tenerife avec Iberia<\/p>\n<p><span style=\"color: #ff0000\"><strong>Le prochain carnaval de Santa-Cruz de Tenerife se tiendra du 31 janvier au 9 mars 2025<\/strong><\/span><\/p>\n<p>&nbsp;<\/p>\n","protected":false},"excerpt":{"rendered":"<p>OK<\/p>\n","protected":false},"author":3,"featured_media":16932,"comment_status":"open","ping_status":"closed","sticky":false,"template":"","format":"standard","meta":{"ngg_post_thumbnail":0,"footnotes":""},"categories":[76,7,80,15],"tags":[477,480,479,481,478],"class_list":["post-3810","post","type-post","status-publish","format-standard","has-post-thumbnail","hentry","category-espagne","category-europe","category-iles-canaries","category-je-pars-faire-la-fete","tag-carnaval-de-tenerife","tag-cpmparsas","tag-murgas","tag-reines-du-carnaval","tag-santa-cruz-de-tenerife"],"wps_subtitle":"JE PARS FAIRE LA F\u00caTE","_links":{"self":[{"href":"https:\/\/www.jepars.ch\/magazine\/wp-json\/wp\/v2\/posts\/3810","targetHints":{"allow":["GET"]}}],"collection":[{"href":"https:\/\/www.jepars.ch\/magazine\/wp-json\/wp\/v2\/posts"}],"about":[{"href":"https:\/\/www.jepars.ch\/magazine\/wp-json\/wp\/v2\/types\/post"}],"author":[{"embeddable":true,"href":"https:\/\/www.jepars.ch\/magazine\/wp-json\/wp\/v2\/users\/3"}],"replies":[{"embeddable":true,"href":"https:\/\/www.jepars.ch\/magazine\/wp-json\/wp\/v2\/comments?post=3810"}],"version-history":[{"count":26,"href":"https:\/\/www.jepars.ch\/magazine\/wp-json\/wp\/v2\/posts\/3810\/revisions"}],"predecessor-version":[{"id":20902,"href":"https:\/\/www.jepars.ch\/magazine\/wp-json\/wp\/v2\/posts\/3810\/revisions\/20902"}],"wp:featuredmedia":[{"embeddable":true,"href":"https:\/\/www.jepars.ch\/magazine\/wp-json\/wp\/v2\/media\/16932"}],"wp:attachment":[{"href":"https:\/\/www.jepars.ch\/magazine\/wp-json\/wp\/v2\/media?parent=3810"}],"wp:term":[{"taxonomy":"category","embeddable":true,"href":"https:\/\/www.jepars.ch\/magazine\/wp-json\/wp\/v2\/categories?post=3810"},{"taxonomy":"post_tag","embeddable":true,"href":"https:\/\/www.jepars.ch\/magazine\/wp-json\/wp\/v2\/tags?post=3810"}],"curies":[{"name":"wp","href":"https:\/\/api.w.org\/{rel}","templated":true}]}}