{"id":3070,"date":"2024-08-22T12:27:19","date_gmt":"2024-08-22T11:27:19","guid":{"rendered":"http:\/\/www.jepars.ch\/wordpress\/?p=3070"},"modified":"2024-08-23T17:30:46","modified_gmt":"2024-08-23T16:30:46","slug":"vienne-temple-de-la-culture","status":"publish","type":"post","link":"https:\/\/www.jepars.ch\/magazine\/vienne-temple-de-la-culture\/","title":{"rendered":"Vienne, temple de la culture"},"content":{"rendered":"<p><strong>Un week-end \u00e0 Vienne? Certes, mais \u00e7a ne sera qu\u2019un d\u00e9but, et il en faudra d\u2019autres encore pour faire le tour de tous les concerts, de tous les mus\u00e9es et de tous les monuments tant ils sont nombreux. Si pour vous Vienne est une premi\u00e8re exp\u00e9rience, ne n\u00e9gligez pas l\u2019angle musical.<\/strong><\/p>\n<blockquote><p><strong>Sissi et Fran\u00e7ois<\/strong><br \/>\nVisiter Vienne et ne pas aller sur les traces de la fameuse imp\u00e9ratrice Sissi serait un crime, si vous \u00eates de celles ou de ceux chez qui bat un coeur romantique.<br \/>\n<a href=\"http:\/\/www.jepars.ch\/magazine\/wp-content\/uploads\/2007\/08\/IMG_0164-.jpg\"><img loading=\"lazy\" decoding=\"async\" class=\"alignleft wp-image-17847\" style=\"margin: 5px 3px -10px 0px\" title=\"Ch\u00e2teau de Sch\u00f6nbrunn\" src=\"http:\/\/www.jepars.ch\/magazine\/wp-content\/uploads\/2007\/08\/IMG_0164--455x303.jpg\" alt=\"Ch\u00e2teau de Sch\u00f6nbrunn\" width=\"190\" height=\"127\" srcset=\"https:\/\/www.jepars.ch\/magazine\/wp-content\/uploads\/2007\/08\/IMG_0164--455x303.jpg 455w, https:\/\/www.jepars.ch\/magazine\/wp-content\/uploads\/2007\/08\/IMG_0164--150x100.jpg 150w, https:\/\/www.jepars.ch\/magazine\/wp-content\/uploads\/2007\/08\/IMG_0164-.jpg 1024w\" sizes=\"auto, (max-width: 190px) 100vw, 190px\" \/><\/a><br \/>\nCertes, la meilleure r\u00e9f\u00e9rence \u00e0 ce couple mythique est le ch\u00e2teau de Sch\u00f6nbrunn en p\u00e9riph\u00e9rie de Vienne. Mais il faudrait, avec le transport et la visite, lui consacrer une journ\u00e9e enti\u00e8re. Qu\u2019\u00e0 cela ne tienne, la visite du ch\u00e2teau de Hofburg fera l\u2019affaire avec celle du Mus\u00e9e de Sissi et des appartements imp\u00e9riaux. Plusieurs salles sont consacr\u00e9es \u00e0 la vie de l\u2019imp\u00e9ratrice et l\u2019on y d\u00e9couvre, par exemple, que sa vie n\u2019\u00e9tait pas aussi gaie et enjou\u00e9e qu\u2019il y paraissait, mais, qu\u2019au contraire, l\u2019\u00e9tiquette de la cour la rendait parfois d\u00e9pressive. En prime, le Mus\u00e9e de Sissi pr\u00e9sente aussi son Mus\u00e9e de l\u2019argenterie, o\u00f9 son expos\u00e9es les abondantes collections de vaisselle parmi lesquelles le fameux service de vermeil ayant servi au repas de gala du Congr\u00e8s de Vienne.<br \/>\n<a href=\"http:\/\/www.jepars.ch\/magazine\/wp-content\/uploads\/2007\/08\/Vienne0084.jpg\"><img loading=\"lazy\" decoding=\"async\" class=\"alignleft wp-image-17855\" style=\"margin: 5px 3px -10px 0px\" title=\"Statue de Sissi\" src=\"http:\/\/www.jepars.ch\/magazine\/wp-content\/uploads\/2007\/08\/Vienne0084-455x683.jpg\" alt=\"Vienne0084\" width=\"190\" height=\"285\" srcset=\"https:\/\/www.jepars.ch\/magazine\/wp-content\/uploads\/2007\/08\/Vienne0084-455x683.jpg 455w, https:\/\/www.jepars.ch\/magazine\/wp-content\/uploads\/2007\/08\/Vienne0084.jpg 682w\" sizes=\"auto, (max-width: 190px) 100vw, 190px\" \/><\/a><br \/>\nLe ch\u00e2teau de Hofburg a bien d\u2019autres tr\u00e9sors, parmi lesquels on citera les salles de la collection d\u2019armes, le Mus\u00e9e d\u2019ethnologie, le Mus\u00e9e du papyrus, la collection des anciens instruments de musique, etc. Apoth\u00e9ose? Oui, le Volksgarten et sa roseraie, o\u00f9 a \u00e9t\u00e9 \u00e9rig\u00e9e une statue de Sissi au centre d\u2019une fontaine tr\u00e8s bucolique.<\/p><\/blockquote>\n<p>Vienne se targue d\u2019\u00eatre la capitale mondiale de la musique. Il faut admettre que ce titre n\u2019est pas usurp\u00e9, et de loin. S\u2019il est un obstacle qui emp\u00eache parfois de profiter pleinement de la culture d\u2019un pays, \u00e7a peut \u00eatre la barri\u00e8re de la langue. Les domaines de la musique, de l\u2019art pictural et des gourmandises, telles que le bon vin et les p\u00e2tisseries fines, ont fort heureusement l\u2019immense avantage de ne pas n\u00e9cessiter de traductions. Rien que pour la musique, l\u2019abondance de concerts et de r\u00e9f\u00e9rences \u00e0 la musique mettra \u00e0 l\u2019aise celles et ceux qui ne ma\u00eetriseraient pas la langue de Goethe.<br \/>\n<a href=\"http:\/\/www.jepars.ch\/magazine\/wp-content\/uploads\/2007\/08\/Strauss-et-son-violon-magique-.jpg\"><img loading=\"lazy\" decoding=\"async\" class=\"alignnone wp-image-17852\" style=\"margin: 10px 0px -10px 0px\" title=\"Statue de Johann Strauss\" src=\"http:\/\/www.jepars.ch\/magazine\/wp-content\/uploads\/2007\/08\/Strauss-et-son-violon-magique--455x682.jpg\" alt=\"Strauss et son violon magique+\" width=\"188\" height=\"282\" srcset=\"https:\/\/www.jepars.ch\/magazine\/wp-content\/uploads\/2007\/08\/Strauss-et-son-violon-magique--455x682.jpg 455w, https:\/\/www.jepars.ch\/magazine\/wp-content\/uploads\/2007\/08\/Strauss-et-son-violon-magique-.jpg 683w\" sizes=\"auto, (max-width: 188px) 100vw, 188px\" \/><\/a><br \/>\nA qui cantonnerait Vienne au seul patrimoine de Johann Strauss, il faudrait un petit cours d\u2019histoire de la musique pour leur citer les nombreux compositeurs qui y v\u00e9curent, tels Mozart, Beethoven et Schubert qui furent les plus\u00a0 c\u00e9l\u00e8bres d\u2019une longue liste. Mais pourquoi donc Vienne a-t-elle \u00e9t\u00e9 aussi riche en patrimoine musical ? Il para\u00eetrait que cela soit d\u00fb \u00e0 la tradition du tr\u00f4ne d\u2019Autriche d\u2019aimer la musique et d\u2019agir en m\u00e9c\u00e8ne des compositeurs pour animer les grands concerts et les bals majestueux.<br \/>\nLa r\u00e9putation de pauvret\u00e9 de Wolfgang Amadeus Mozart \u00e9tait, para\u00eet-il erron\u00e9e. Il recevait une aide financi\u00e8re substantielle de la cour d\u2019Autriche, mais se montrait particuli\u00e8rement f\u00eatard et d\u00e9pensier, ce qui fait qu\u2019\u00e0 certaines p\u00e9riodes, et surtout \u00e0 la fin de sa vie, \u00e9tait compl\u00e8tement d\u00e9muni.<br \/>\nDans la capitale autrichienne, la vie des musiciens c\u00e9l\u00e8bres est omnipr\u00e9sente, bien s\u00fbr dans les mus\u00e9es d\u00e9di\u00e9s \u00e0 chacun d\u2019entre eux, ou les maisons o\u00f9 ils v\u00e9curent, mais aussi partout dans les parcs et jardins, o\u00f9 leurs statues les rappellent aux souvenirs du passant, comme, par exemple, dans le Stadtpark, celle, enjou\u00e9e, de Johann Strauss et son violon f\u00e9tiche; celle repr\u00e9sentant Ludwig van Beethoven dans une posture taciturne entour\u00e9 des figures all\u00e9goriques de ses neuf symphonies; celle de Franz Schubert, appel\u00e9 le Prince du Lied; et enfin, celle de Wolfgang Amadeus Mozart, qui, elle, se d\u00e9couvre au Burggarten.<\/p>\n<p><a href=\"http:\/\/www.jepars.ch\/magazine\/wp-content\/uploads\/2007\/08\/IMG_3483.jpg\"><img loading=\"lazy\" decoding=\"async\" class=\"alignnone size-medium wp-image-17872\" src=\"http:\/\/www.jepars.ch\/magazine\/wp-content\/uploads\/2007\/08\/IMG_3483-455x303.jpg\" alt=\"IMG_3483\" width=\"455\" height=\"303\" srcset=\"https:\/\/www.jepars.ch\/magazine\/wp-content\/uploads\/2007\/08\/IMG_3483-455x303.jpg 455w, https:\/\/www.jepars.ch\/magazine\/wp-content\/uploads\/2007\/08\/IMG_3483-150x100.jpg 150w, https:\/\/www.jepars.ch\/magazine\/wp-content\/uploads\/2007\/08\/IMG_3483.jpg 1024w\" sizes=\"auto, (max-width: 455px) 100vw, 455px\" \/><\/a>Si visiter chacun des mus\u00e9es consacr\u00e9s aux compositeurs ou leurs maisons respectives vous est impossible faute de temps, une bonne formule est de faire un tour au Mus\u00e9e de la musique qui a pour avantage de regrouper la majorit\u00e9 des compositeurs viennois avec des rappels de leurs vies assez complets. Un espace est consacr\u00e9 \u00e0 une exposition musicale interactive, o\u00f9 un gadget \u00e9lectronique vous permettra de vous muter en chef d\u2019orchestre et de guider, par exemple, la \u00abPetite musique de nuit\u00bb de Mozart ou le \u00abBeau Danube bleu\u00bb de Strauss \u00e0 la vitesse de votre baguette \u00e9lectronique de chef d\u2019orchestre. Les musiciens se rebellent imm\u00e9diatement quand le rythme est trop rapide ou trop lent. Rigolo ? Oui, quand \u00e7a fonctionne.<br \/>\nToujours est-il que la musique est aujourd\u2019hui largement diffus\u00e9e dans tous les coins de la ville et nombreux sont les lieux o\u00f9 des c\u00e9l\u00e8bres orchestres comme, par exemple, le Philharmonique de Vienne, se produisent en soir\u00e9e comme en matin\u00e9e, ce qui est pratique si on ne veut organiser le programme du week-end sans perdre un temps pr\u00e9cieux. Toute bonne tourn\u00e9e musicale commence par un incontournable concert des \u00abPetits chanteurs de Vienne\u00bb au Musikverein de la Karlplatz, tradition s\u00e9culaire qui fait la fiert\u00e9 m\u00eame des parents de ces enfants et adolescents qui d\u00e9dient leur enfance \u00e0 un programme roulant de r\u00e9p\u00e9titions et de tourn\u00e9es dans le monde entier.<\/p>\n<p><a href=\"http:\/\/www.jepars.ch\/magazine\/wp-content\/uploads\/2007\/08\/chanteursVienne.jpg\"><img loading=\"lazy\" decoding=\"async\" class=\"alignnone wp-image-17845 size-medium\" title=\"Petits chanteurs de Vienne\" src=\"http:\/\/www.jepars.ch\/magazine\/wp-content\/uploads\/2007\/08\/chanteursVienne-455x151.jpg\" alt=\"chanteursVienne\" width=\"455\" height=\"151\" srcset=\"https:\/\/www.jepars.ch\/magazine\/wp-content\/uploads\/2007\/08\/chanteursVienne-455x151.jpg 455w, https:\/\/www.jepars.ch\/magazine\/wp-content\/uploads\/2007\/08\/chanteursVienne.jpg 1024w\" sizes=\"auto, (max-width: 455px) 100vw, 455px\" \/><\/a><br \/>\nEnsuite, une bonne suggestion est de se rendre au Konzerthaus, o\u00f9 se donnent, dans les diverses salles majestueuses, des interpr\u00e9tations de compositeurs classiques ou contemporains par de c\u00e9l\u00e8bres orchestres tels que le Wiener Symphonic Orchestra, le Wiener Philharmoniker ou le Concert Wiener Kammerorchester.<\/p>\n<blockquote><p><span style=\"color: #000000\"><strong>La culture du vin<\/strong><br \/>\nDepuis les ann\u00e9es 80, l\u2019Autriche a pris conscience de la valeur mondiale de son patrimoine viticole au centre duquel se trouve la capitale. Pourtant, 700 hectares de la p\u00e9riph\u00e9rie viennoise sont plant\u00e9s de vigne depuis plus de 2500 ans!<br \/>\nAujourd\u2019hui, la d\u00e9gustation du vin est devenue une v\u00e9ritable religion et chaque restaurant de la ville s\u2019est dot\u00e9 d\u2019un arsenal de verres en cristal pour appr\u00e9cier les meilleurs crus autrichiens comme il se doit.<br \/>\nMais pourquoi ne pas marier le vin et la musique? C\u2019est en tous cas ce que les Viennois font en permanence en se liant \u00e0 une tradition ancestrale, celle des agapes dans les guinguettes du village de vignerons de Grinzing, \u00e0 45 minutes de tram du centre-ville. De 16 h au milieu de la nuit, les tavernes se font l\u2019\u00e9cho des chansons \u00e0 boire ou des rengaines de jeunesse, voire encore une fanfare repassant les grands classiques populaires. Le nectar provenant des vignes\u00a0 environnantes est l\u2019agr\u00e9able accompagnement de jambons, palettes et autres saucisses servis avec des salades qui se commandent directement au buffet. En avant l\u2019accord\u00e9on et prosit!<\/span><\/p><\/blockquote>\n<p><strong>Les seigneurs de l\u2019anneau<\/strong><br \/>\nLe centre-ville, l\u00e0 o\u00f9 se concentrent les principaux monuments officiels, est d\u00e9limit\u00e9 par une large avenue en demi-cercle: le Ring. Dites vous que dans l\u2019espace d\u00e9limit\u00e9 par cette suite de larges avenues, vous aurez d\u00e9j\u00e0 de quoi faire en visites de monuments de tous acabits, tous plus solennels les uns que les autres. Au centre tr\u00f4ne la cath\u00e9drale Saint-Etienne de style roman tardif et sa tour nord que, comble du confort, on peut gravir en ascenseur pour jouir d\u2019une superbe vue panoramique de la ville. Pour qui aime la majest\u00e9 de l\u2019architecture, une vue du Parlement et ses figures all\u00e9goriques s\u2019impose et, si elle est ouverte au public, de l\u2019ancienne Chambre des Repr\u00e9sentants imp\u00e9riaux. Ensuite, vous admirerez le Th\u00e9\u00e2tre national (Burgtheater, qui vaut la peine de s\u2019y arr\u00eater, ne serait-ce que pour son grand escalier somptueux). L\u2019h\u00f4tel de ville de style n\u00e9ogothique se distingue par son beffroi qu\u2019on dirait import\u00e9 de Belgique. Une autre visite \u00e0 ne pas manquer est celle de l\u2019\u00e9glise des Mineurs pour sa surprenante copie de la \u00abSainte C\u00e8ne\u00bb de L\u00e9onard de Vinci en mosa\u00efque, r\u00e9alis\u00e9e par G. Raffa\u00eblli \u00e0 la demande de l\u2019empereur Fran\u00e7ois.<\/p>\n<p><a href=\"http:\/\/www.jepars.ch\/magazine\/wp-content\/uploads\/2007\/08\/Vienne0060.jpg\"><img loading=\"lazy\" decoding=\"async\" class=\"alignnone wp-image-17854 size-medium\" title=\"Ch\u00e2teau du Belv\u00e9d\u00e8re\" src=\"http:\/\/www.jepars.ch\/magazine\/wp-content\/uploads\/2007\/08\/Vienne0060-455x303.jpg\" alt=\"Vienne0060\" width=\"455\" height=\"303\" srcset=\"https:\/\/www.jepars.ch\/magazine\/wp-content\/uploads\/2007\/08\/Vienne0060-455x303.jpg 455w, https:\/\/www.jepars.ch\/magazine\/wp-content\/uploads\/2007\/08\/Vienne0060-150x100.jpg 150w, https:\/\/www.jepars.ch\/magazine\/wp-content\/uploads\/2007\/08\/Vienne0060.jpg 1024w\" sizes=\"auto, (max-width: 455px) 100vw, 455px\" \/><\/a><br \/>\n<strong>Vienne expose<\/strong><br \/>\nL\u2019art pictural occupe la seconde place apr\u00e8s la musique, avec, en premier lieu la r\u00e9sidence d\u2019\u00e9t\u00e9 du Prince Eug\u00e8ne de Savoie: le Belv\u00e9d\u00e8re. Outre la vue panoramique sur Vienne et ses jardins \u00e0 la fran\u00e7aise, cet \u00e9difice est presque totalement consacr\u00e9 \u00e0 des expositions de peintures d\u2019auteurs vari\u00e9s.<br \/>\nEnsuite, vous aurez pour votre argent en visitant le Museumsquartier, avec quelques 40 mus\u00e9es concentr\u00e9s vou\u00e9s \u00e0 l\u2019art moderne et contemporain dans un espace de 60 000 m2. Les amateurs de peintures et de fresques de la Renaissance et de l\u2019\u00e9poque baroque seront combl\u00e9s en d\u00e9couvrant le Mus\u00e9e Liechtenstein du Palais d\u2019\u00e9t\u00e9 avec les oeuvres des principaux peintres hollandais et italiens dont 30 tableaux de P.P. Rubens.<\/p>\n<p><strong>Texte G\u00e9rard Blanc et Erika Bodmer<br \/>\nPhotos 1, 2, 5, 8, 9 et galerie \u00a9 Isabelle Blanc<br \/>\nPhotos 3, 4, 6, 7 \u00a9 G\u00e9rard Blanc<br \/>\n<\/strong><br \/>\n<span style=\"color: #ff0000\">Au cimeti\u00e8re central de Vienne, les tombes des grands compositeurs :<\/span><br \/>\nngg_shortcode_0_placeholder<\/p>\n<h3><span style=\"color: #ff0000\"><strong>Informations pratiques<\/strong><\/span><\/h3>\n<h5><strong><span style=\"color: #ff0000\"><a href=\"http:\/\/www.jepars.ch\/magazine\/wp-content\/uploads\/2007\/08\/IMG_0148.jpg\"><img loading=\"lazy\" decoding=\"async\" class=\"alignleft wp-image-17846\" style=\"margin: 5px 3px -10px 0px\" title=\"Riesenrad au Prater\" src=\"http:\/\/www.jepars.ch\/magazine\/wp-content\/uploads\/2007\/08\/IMG_0148-455x682.jpg\" alt=\"IMG_0148\" width=\"160\" height=\"240\" srcset=\"https:\/\/www.jepars.ch\/magazine\/wp-content\/uploads\/2007\/08\/IMG_0148-455x682.jpg 455w, https:\/\/www.jepars.ch\/magazine\/wp-content\/uploads\/2007\/08\/IMG_0148.jpg 683w\" sizes=\"auto, (max-width: 160px) 100vw, 160px\" \/><\/a>Renseignements<\/span><\/strong><\/h5>\n<p>Office national autrichien du tourisme: +44\/457 10 40, www.austriatourism.com\/ch. Office du tourisme de Vienne: +43\/211 14 364,www.viennna.info,<\/p>\n<h5><span style=\"color: #ff0000\"><strong>Carte touristique<\/strong><\/span><\/h5>\n<p>Portant le nom de \u00abDie Wiener Karte\u00bb, une carte touristique vous permet un acc\u00e8s gratuit aux transports publics (tram, m\u00e9tro, bus) pour le prix de 18,50 euros pour 72 heures.<br \/>\nElle accorde, de plus, des r\u00e9ductions substantielles dans des mus\u00e9es, des caf\u00e9s et des restaurants.<\/p>\n<h5><strong><span style=\"color: #ff0000\">Vol<\/span><\/strong><\/h5>\n<p>Gen\u00e8ve-Vienne sans escale avec Tyrolean-Austrian Airlines.<\/p>\n<h5><span style=\"color: #ff0000\"><strong>Transfert depuis l\u2019a\u00e9roport<\/strong><\/span><\/h5>\n<p>Il vous suffira alors de prendre un ticket de train \u00abCAT\u00bb pour vous rendre au centre ville et m\u00eame chose pour le trajet de retour, avec l\u2019agr\u00e9able surprise de pouvoir d\u00e9j\u00e0 enregistrer votre bagage et obtenir votre carte d\u2019embarquement au guichet Austrian Airlines de la gare du \u00abCAT\u00bb, ce qui \u00e9vitera la bousculade \u00e0 l\u2019a\u00e9roport. Autre avantage de la Wiener Karte: un rabais sur le trajet du CAT.<br \/>\nSinon, plusieurs compagnies de taxi vous permettent de prendre un ticket \u00e0 l\u2019avance avec un prix fixe convenu.<br \/>\nToutes les compagnies ne pratiquent pas les m\u00eames tarifs. Il est normal de les mettre en concurrence.<\/p>\n<h5><strong><span style=\"color: #ff0000\">Logement<\/span><\/strong><\/h5>\n<p>Un conseil: t\u00e2chez de trouver un h\u00f4tel dans les environs de ce secteur central qu\u2019on appelle le \u00abRing\u00bb.<br \/>\nA pied, vous pourrez d\u00e9j\u00e0 voir une grande partie des monuments faisant l\u2019essentiel de ce qu\u2019il faut voir \u00e0 Vienne.<\/p>\n<h5><strong><span style=\"color: #ff0000\"><a href=\"http:\/\/www.jepars.ch\/magazine\/wp-content\/uploads\/2007\/08\/IMG_0184.jpg\"><img loading=\"lazy\" decoding=\"async\" class=\"alignleft wp-image-17848\" style=\"margin: 5px 3px -10px 0px\" src=\"http:\/\/www.jepars.ch\/magazine\/wp-content\/uploads\/2007\/08\/IMG_0184-455x606.jpg\" alt=\"IMG_0184\" width=\"160\" height=\"213\" srcset=\"https:\/\/www.jepars.ch\/magazine\/wp-content\/uploads\/2007\/08\/IMG_0184-455x606.jpg 455w, https:\/\/www.jepars.ch\/magazine\/wp-content\/uploads\/2007\/08\/IMG_0184.jpg 768w\" sizes=\"auto, (max-width: 160px) 100vw, 160px\" \/><\/a>Le couvert<\/span><\/strong><\/h5>\n<p>Les restaurants sont pour la plupart de style \u00abdesign\u00bb au centre de Vienne et tr\u00e8s port\u00e9s sur les bons vins.<br \/>\nPlusieurs d\u2019entre eux disposent d\u2019une cour ou d\u2019un jardin ombrag\u00e9, particuli\u00e8rement agr\u00e9able quand il fait chaud.<br \/>\nLes caf\u00e9s viennois (rien \u00e0 voir avec du caf\u00e9 \u00e0 la cr\u00e8me fra\u00eeche) sont une solide institution. Certains d\u2019entre eux sont c\u00e9l\u00e8bres, comme le Caf\u00e9 Central o\u00fa se trouve le meilleur choix de p\u00e2tisseries de la place.<\/p>\n<h5><strong><span style=\"color: #ff0000\">Tranquillit\u00e9<\/span><\/strong><\/h5>\n<p>Vienne est consid\u00e9r\u00e9e comme l\u2019une des villes les plus s\u00fbres au monde. L\u2019excellent r\u00e9seau de transports en commun (m\u00e9tro, tramways et bus) permet de se d\u00e9placer rapidement depuis t\u00f4t le matin jusqu\u2019\u00e0 tard le soir, tous les jours de la semaine et \u00e0 tous les endroits de votre choix.<\/p>\n","protected":false},"excerpt":{"rendered":"<p>OK<\/p>\n","protected":false},"author":3,"featured_media":17850,"comment_status":"open","ping_status":"closed","sticky":false,"template":"","format":"standard","meta":{"ngg_post_thumbnail":0,"footnotes":""},"categories":[72,7,14],"tags":[9548,8061,2942,8057,8055,8056,8059,8054,8053,9670,9635,8052,8060,8058],"class_list":["post-3070","post","type-post","status-publish","format-standard","has-post-thumbnail","hentry","category-autriche","category-europe","category-je-pars-en-week-end","tag-autriche","tag-grinzing","tag-hofburg","tag-konzerthaus","tag-mozart","tag-musikverein","tag-petits-chanteurs","tag-schonnbrunn","tag-sissi","tag-strauss","tag-vienne","tag-wien","tag-wiener-philharmoniker","tag-wiener-symphonic-orchestra"],"wps_subtitle":"JE PARS EN WEEK-END","_links":{"self":[{"href":"https:\/\/www.jepars.ch\/magazine\/wp-json\/wp\/v2\/posts\/3070","targetHints":{"allow":["GET"]}}],"collection":[{"href":"https:\/\/www.jepars.ch\/magazine\/wp-json\/wp\/v2\/posts"}],"about":[{"href":"https:\/\/www.jepars.ch\/magazine\/wp-json\/wp\/v2\/types\/post"}],"author":[{"embeddable":true,"href":"https:\/\/www.jepars.ch\/magazine\/wp-json\/wp\/v2\/users\/3"}],"replies":[{"embeddable":true,"href":"https:\/\/www.jepars.ch\/magazine\/wp-json\/wp\/v2\/comments?post=3070"}],"version-history":[{"count":25,"href":"https:\/\/www.jepars.ch\/magazine\/wp-json\/wp\/v2\/posts\/3070\/revisions"}],"predecessor-version":[{"id":17898,"href":"https:\/\/www.jepars.ch\/magazine\/wp-json\/wp\/v2\/posts\/3070\/revisions\/17898"}],"wp:featuredmedia":[{"embeddable":true,"href":"https:\/\/www.jepars.ch\/magazine\/wp-json\/wp\/v2\/media\/17850"}],"wp:attachment":[{"href":"https:\/\/www.jepars.ch\/magazine\/wp-json\/wp\/v2\/media?parent=3070"}],"wp:term":[{"taxonomy":"category","embeddable":true,"href":"https:\/\/www.jepars.ch\/magazine\/wp-json\/wp\/v2\/categories?post=3070"},{"taxonomy":"post_tag","embeddable":true,"href":"https:\/\/www.jepars.ch\/magazine\/wp-json\/wp\/v2\/tags?post=3070"}],"curies":[{"name":"wp","href":"https:\/\/api.w.org\/{rel}","templated":true}]}}