{"id":20909,"date":"2025-01-31T17:33:21","date_gmt":"2025-01-31T16:33:21","guid":{"rendered":"http:\/\/www.jepars.ch\/magazine\/?p=20909"},"modified":"2025-01-31T17:34:40","modified_gmt":"2025-01-31T16:34:40","slug":"gianluca-grimalda-audace-courage-et-tenacite","status":"publish","type":"post","link":"https:\/\/www.jepars.ch\/magazine\/gianluca-grimalda-audace-courage-et-tenacite\/","title":{"rendered":"Gianluca Grimalda : audace, courage et t\u00e9nacit\u00e9"},"content":{"rendered":"<p>&nbsp;<\/p>\n<p>Je suis admiratif et tr\u00e8s respectueux du courage de certaines personnes tel que celui de \u00a0l\u2019\u00e9v\u00eaque de l\u2019\u00e9glise \u00e9piscopale de Washington, \u00a0Bishop Mariann Edgar Budde, \u00a0lors de la c\u00e9l\u00e9bration d\u2019investiture de Donald Trump \u00e0 la cath\u00e9drale nationale de Washington \u00e0 propos de la \u00ab\u00a0d\u00e9portation \u00a0massive\u00a0\u00bb que pr\u00e9pare le nouveau pr\u00e9sident des Etats-Unis d\u2019Am\u00e9rique.<\/p>\n<p>Dans ce registre d\u2019action courageuse, il faut aujourd\u2019hui ajouter\u00a0 Gianluca Grimalda, chercheur employ\u00e9 par l\u2019institut IFW (Insitute F\u00fcr Weltwirtschfat)l de Kiel (Allemagne), entreprise dont la sp\u00e9cialit\u00e9 est la recherche et la mise en application du principe de l\u2019\u00e9conomie globale. En octobre 2023, il \u00e9tait en mission en Papouasie-Nouvelle-Guin\u00e9e. C\u2019est le premier salari\u00e9 au monde \u00e0 avoir refus\u00e9 de prendre l\u2019avion pour rentrer \u00e0 son bureau en Allemagne. Le voyage de retour a dur\u00e9 72 jours, soit 28&#8217;000 kilom\u00e8tres par tous les moyens \u00e9cologiquement possibles .Le chercheur avait calcul\u00e9 que son long voyage avait rejet\u00e9 dans l\u2019atmosph\u00e8re 10 fois moins de CO2 que les r\u00e9acteurs d\u2019un avion gros porteur.<\/p>\n<p>Ce boycott de l\u2019avion lui a valu son licenciement imm\u00e9diat de la part de son employeur qui, pourtant, jugeait avec bienveillance l\u2019engagement \u00e9cologique de son employ\u00e9, mais avait exig\u00e9 son retour dans les cinq jours.<\/p>\n<p>Membre de l\u2019Association des scientifiques en r\u00e9bellion et partisan de la d\u00e9sob\u00e9issance civile depuis deux ans, Gianluca Grimalda a fait appel aupr\u00e8s du Tribunal du travail de Kiel, estimant son licenciement comme abusif et prouvant avec chiffres \u00e0 l\u2019appui que sa d\u00e9cision avait \u00e9t\u00e9 salutaire pour l\u2019environnement. Le 10 janvier 2025, le verdict est tomb\u00e9\u00a0: le Tribunal du travail de Kiel a confirm\u00e9 que le licenciement \u00e9tait bien abusif\u00a0 avec une indemnit\u00e9 \u00e0 la charge de l\u2019IFW. Son montant n\u2019a pas \u00e9t\u00e9 r\u00e9v\u00e9l\u00e9 mais sera au minimum de 75&#8217;000 euros.<\/p>\n<p>C\u2019est une demi-victoire pour le chercheur qui ne retrouvera pas son emploi \u00e0 l\u2019IFW mais pour qui ce geste symbolique repr\u00e9sente un levier pour une prise de conscience \u00a0\u00e9cologique mondiale.<\/p>\n<p>G\u00e9rard Blanc<\/p>\n<p>Sources\u00a0: BFMTV\/Le Monde\/Reporterere<\/p>\n","protected":false},"excerpt":{"rendered":"<p>Gianluca Grimalda, chercheur employ\u00e9 par l\u2019institut IFW (Insitute F\u00fcr Weltwirtschfat)l de Kiel (Allemagne), entreprise dont la sp\u00e9cialit\u00e9 est la recherche et la mise en application du principe de l\u2019\u00e9conomie globale. En octobre 2023, il \u00e9tait en mission en Papouasie-Nouvelle-Guin\u00e9e. C\u2019est le premier salari\u00e9 au monde \u00e0 avoir refus\u00e9 de prendre l\u2019avion pour rentrer \u00e0 son bureau en Allemagne. Le voyage de retour a dur\u00e9 72 jours, soit 28&#8217;000 kilom\u00e8tres par tous les moyens \u00e9cologiquement possibles .<\/p>\n","protected":false},"author":3,"featured_media":0,"comment_status":"open","ping_status":"closed","sticky":false,"template":"","format":"standard","meta":{"ngg_post_thumbnail":0,"footnotes":""},"categories":[51],"tags":[9474,5947,9475,3075,9476,7982,9471,9472,9477,9473],"class_list":["post-20909","post","type-post","status-publish","format-standard","hentry","category-breves","tag-abusif","tag-avion","tag-bishopo","tag-boycott","tag-budde","tag-climat","tag-gianluca","tag-gruimalda","tag-ifw","tag-licenciement"],"wps_subtitle":"BR\u00c8VES","_links":{"self":[{"href":"https:\/\/www.jepars.ch\/magazine\/wp-json\/wp\/v2\/posts\/20909","targetHints":{"allow":["GET"]}}],"collection":[{"href":"https:\/\/www.jepars.ch\/magazine\/wp-json\/wp\/v2\/posts"}],"about":[{"href":"https:\/\/www.jepars.ch\/magazine\/wp-json\/wp\/v2\/types\/post"}],"author":[{"embeddable":true,"href":"https:\/\/www.jepars.ch\/magazine\/wp-json\/wp\/v2\/users\/3"}],"replies":[{"embeddable":true,"href":"https:\/\/www.jepars.ch\/magazine\/wp-json\/wp\/v2\/comments?post=20909"}],"version-history":[{"count":1,"href":"https:\/\/www.jepars.ch\/magazine\/wp-json\/wp\/v2\/posts\/20909\/revisions"}],"predecessor-version":[{"id":20910,"href":"https:\/\/www.jepars.ch\/magazine\/wp-json\/wp\/v2\/posts\/20909\/revisions\/20910"}],"wp:attachment":[{"href":"https:\/\/www.jepars.ch\/magazine\/wp-json\/wp\/v2\/media?parent=20909"}],"wp:term":[{"taxonomy":"category","embeddable":true,"href":"https:\/\/www.jepars.ch\/magazine\/wp-json\/wp\/v2\/categories?post=20909"},{"taxonomy":"post_tag","embeddable":true,"href":"https:\/\/www.jepars.ch\/magazine\/wp-json\/wp\/v2\/tags?post=20909"}],"curies":[{"name":"wp","href":"https:\/\/api.w.org\/{rel}","templated":true}]}}