{"id":20469,"date":"2024-04-08T21:35:14","date_gmt":"2024-04-08T20:35:14","guid":{"rendered":"http:\/\/www.jepars.ch\/magazine\/?p=20469"},"modified":"2024-06-04T12:03:07","modified_gmt":"2024-06-04T11:03:07","slug":"le-surtoursme-des-beaux-parleurs","status":"publish","type":"post","link":"https:\/\/www.jepars.ch\/magazine\/le-surtoursme-des-beaux-parleurs\/","title":{"rendered":"Le surtourisme par les Beaux parleurs"},"content":{"rendered":"<p>Chacun ses go\u00fbts me diriez-vous peut-\u00eatre, mais j\u2019aime bien regarder l\u2019\u00e9mission des Beaux parleurs sur la RTS quand l\u2019occasion se pr\u00e9sente, en premier lieu pour son humour.<br \/>\nUne fois n\u2019est pas coutume, on parlait du surtourisme et je me suis r\u00e9gal\u00e9 en d\u00e9couvrant que Michel Audetat, journaliste au\u00a0Matin dimanche avait une opinion qui rejoignait la mienne : \u00ab\u00a0<em> Je pense que le surtourisme est originel. Le premier touriste \u00e9tait d\u00e9j\u00e0 un surtouriste. L\u2019\u00e9crivain Jean Misler disait que le tourisme consistait \u00e0 transporter des gens hors de chez eux dans un pays qui serait mieux sans eux. \u00a0Il y a une sorte de honte originelle de se voir comme touriste. (\u2026) Personne ne s\u2019assume comme touriste. Le propre du touriste est de raconter qu\u2019il a trouv\u00e9 des coins o\u00f9 il n\u2019y avait pas de touristes. La tradition de la moquerie \u00e0 l\u2019\u00e9gard du tourisme existe d\u00e8s le d\u00e9part\u2026 Mais soyons logique, je suis un touriste et je l\u2019assume.\u00a0<\/em>\u00bb Autre r\u00e9action int\u00e9ressante, celle de Coline de Senarclens\u00a0: \u00ab\u00a0<em>Aujourd\u2019hui, on fait du surtourisme parce qu\u2019on ne paie pas le prix que \u00e7a co\u00fbte. Le tourisme est un luxe et on ne devrait pas avoir les moyens de le faire. Aujourd\u2019hui, les co\u00fbts sont externalis\u00e9s et ce n\u2019est pas nous qui les payons, ce sont la ville de Venise et ce sont les futures g\u00e9n\u00e9rations.\u00a0<\/em>\u00bb<br \/>\nDans tout cela, je dis bravo\u00a0: \u00e9tant aussi un touriste anonyme qui s\u2019assume, je pr\u00e9ciserais encore, pour ceux qui ironisent sur les touristes alors qu\u2019ils le sont eux-m\u00eames, qu\u2019il serait bon qu\u2019ils cessent de pr\u00e9tendre qu\u2019ils sont des baroudeurs et des explorateurs. S\u2019ils comprenaient la langue que parlent les habitants des villages qu\u2019ils traversent avec leur sac \u00e0 dos, ils traduiraient\u00a0probablement\u00a0: \u00ab\u00a0 <em>Tiens, voil\u00e0 des touristes !\u00a0<\/em>\u00bb<br \/>\nQuant \u00e0 la r\u00e9flexion pertinente de Coline de Senarclens, elle soul\u00e8ve le gros probl\u00e8me du co\u00fbt non assum\u00e9 par les voyageurs eux-m\u00eames, la faute \u00e0 toute cette nouvelle foison d\u2019initiatives dignes du Far West avec les compagnies lowcost, les gros bateaux de croisi\u00e8res, Airbnb, Uber, etc. qui engendrent le surtourisme et le d\u00e9gagement de CO2, \u00e0 l\u2019encontre des efforts qui sont d\u00e9velopp\u00e9s pour le r\u00e9duire.<br \/>\nOn n\u2019est pas sorti de l\u2019auberge\u2026<\/p>\n<p><strong>G\u00e9rard Blanc<\/strong><\/p>\n<p>&nbsp;<\/p>\n","protected":false},"excerpt":{"rendered":"<p>ok<\/p>\n","protected":false},"author":3,"featured_media":0,"comment_status":"open","ping_status":"closed","sticky":false,"template":"","format":"standard","meta":{"ngg_post_thumbnail":0,"footnotes":""},"categories":[6],"tags":[9363,9361,9364,9362,5970,9365],"class_list":["post-20469","post","type-post","status-publish","format-standard","hentry","category-edito","tag-audetat","tag-beaux","tag-desenarclerns","tag-parleurs","tag-rts","tag-surtourismre"],"wps_subtitle":"EDITO","_links":{"self":[{"href":"https:\/\/www.jepars.ch\/magazine\/wp-json\/wp\/v2\/posts\/20469","targetHints":{"allow":["GET"]}}],"collection":[{"href":"https:\/\/www.jepars.ch\/magazine\/wp-json\/wp\/v2\/posts"}],"about":[{"href":"https:\/\/www.jepars.ch\/magazine\/wp-json\/wp\/v2\/types\/post"}],"author":[{"embeddable":true,"href":"https:\/\/www.jepars.ch\/magazine\/wp-json\/wp\/v2\/users\/3"}],"replies":[{"embeddable":true,"href":"https:\/\/www.jepars.ch\/magazine\/wp-json\/wp\/v2\/comments?post=20469"}],"version-history":[{"count":8,"href":"https:\/\/www.jepars.ch\/magazine\/wp-json\/wp\/v2\/posts\/20469\/revisions"}],"predecessor-version":[{"id":20589,"href":"https:\/\/www.jepars.ch\/magazine\/wp-json\/wp\/v2\/posts\/20469\/revisions\/20589"}],"wp:attachment":[{"href":"https:\/\/www.jepars.ch\/magazine\/wp-json\/wp\/v2\/media?parent=20469"}],"wp:term":[{"taxonomy":"category","embeddable":true,"href":"https:\/\/www.jepars.ch\/magazine\/wp-json\/wp\/v2\/categories?post=20469"},{"taxonomy":"post_tag","embeddable":true,"href":"https:\/\/www.jepars.ch\/magazine\/wp-json\/wp\/v2\/tags?post=20469"}],"curies":[{"name":"wp","href":"https:\/\/api.w.org\/{rel}","templated":true}]}}