{"id":20275,"date":"2023-12-17T16:43:20","date_gmt":"2023-12-17T15:43:20","guid":{"rendered":"http:\/\/www.jepars.ch\/magazine\/?p=20275"},"modified":"2024-03-04T01:05:31","modified_gmt":"2024-03-04T00:05:31","slug":"le-marquis-de-la-casa-rocca-picola","status":"publish","type":"post","link":"https:\/\/www.jepars.ch\/magazine\/le-marquis-de-la-casa-rocca-picola\/","title":{"rendered":"Le marquis de la Casa Rocca Picola"},"content":{"rendered":"<p>Au 11\u00e8me si\u00e8cle, l\u2019aventurier normand Roger de Hauteville s\u2019empara de la Sicile musulmane, puis de Malte, qu\u2019il int\u00e9gra au Royaume de Sicile. La couronne de Palerme distribua aux membres de sa cour des terres de l\u2019archipel maltais en r\u00e9compense de services rendus, et 32 familles en devinrent\u00a0 b\u00e9n\u00e9ficiaires. En 1530, les Chevaliers de Saint-Jean officialis\u00e8rent le statut des anciennes familles de la noblesse maltaise et plusieurs palais sortirent de terre, dont la Casa Rocca Picola, sur l\u2019initiative de Don Pietro de La Rocca, amiral de\u00a0Saint-Jean de la langue d\u2019Italie\u00a0(la confr\u00e9rie italienne des chevaliers de Malte)- Apr\u00e8s avoir \u00e9t\u00e9 lou\u00e9e\u00a0 successivement \u00e0 des Chevaliers de l\u2019Ordre, elle fut, deux si\u00e8cles plus tard, vendue au marquis de Piro.<\/p>\n<p>&nbsp;<br \/>\n<a href=\"http:\/\/www.jepars.ch\/magazine\/wp-content\/uploads\/2023\/12\/IMG_9725.jpg\"><img loading=\"lazy\" decoding=\"async\" src=\"http:\/\/www.jepars.ch\/magazine\/wp-content\/uploads\/2023\/12\/IMG_9725-455x303.jpg\" alt=\"IMG_9725\" width=\"455\" height=\"303\" class=\"alignnone size-medium wp-image-20329\" srcset=\"https:\/\/www.jepars.ch\/magazine\/wp-content\/uploads\/2023\/12\/IMG_9725-455x303.jpg 455w, https:\/\/www.jepars.ch\/magazine\/wp-content\/uploads\/2023\/12\/IMG_9725-150x100.jpg 150w, https:\/\/www.jepars.ch\/magazine\/wp-content\/uploads\/2023\/12\/IMG_9725.jpg 1024w\" sizes=\"auto, (max-width: 455px) 100vw, 455px\" \/><\/a><br \/>\nAujourd\u2019hui, cette demeure, l\u2019un des derniers palais de La Valette, se visite comme chef-d\u2019\u0153uvre du temps des comtes et marquis de Malte. On y d\u00e9couvre tous les souvenirs de la famille De Piro, qui y v\u00e9cut pendant\u00a0 quatre si\u00e8cles. De la sala grande aux abris anti-a\u00e9riens, en passant par\u00a0 la chapelle familiale, les salles \u00e0 manger d\u2019\u00e9t\u00e9 et d\u2019hiver, la biblioth\u00e8que, le jardin ou encore la chambre au lit \u00e0 baldaquin, c\u2019est une foison de tableaux, de bijoux, de sculptures et de porcelaines.<\/p>\n<p>&nbsp;<br \/>\n<a href=\"http:\/\/www.jepars.ch\/magazine\/wp-content\/uploads\/2023\/12\/IMG_9727.jpg\"><img loading=\"lazy\" decoding=\"async\" src=\"http:\/\/www.jepars.ch\/magazine\/wp-content\/uploads\/2023\/12\/IMG_9727-455x303.jpg\" alt=\"IMG_9727\" width=\"455\" height=\"303\" class=\"alignnone size-medium wp-image-20331\" srcset=\"https:\/\/www.jepars.ch\/magazine\/wp-content\/uploads\/2023\/12\/IMG_9727-455x303.jpg 455w, https:\/\/www.jepars.ch\/magazine\/wp-content\/uploads\/2023\/12\/IMG_9727-150x100.jpg 150w, https:\/\/www.jepars.ch\/magazine\/wp-content\/uploads\/2023\/12\/IMG_9727.jpg 1024w\" sizes=\"auto, (max-width: 455px) 100vw, 455px\" \/><\/a><br \/>\nMais le clou de la visite est la rencontre avec le marquis Nicholas de Piro en personne. Mieux qu\u2019une visite guid\u00e9e classique, j\u2019ai eu, ainsi qu\u2019un petit groupe d\u2019amis, le privil\u00e8ge de d\u00e9couvrir les moindres recoins de la demeure, gr\u00e2ce au marquis qui nous a fait cet honneur. Il est le dernier descendant de la lign\u00e9e, qui, s\u2019il endosse la fonction de guide occasionnel, choisit \u00e0 bien plaire ses visiteurs, laissant les autres entre les mains des guides officiels.<\/p>\n<p>\u00ab\u00a0Cette maison n\u2019est pas un mus\u00e9e, mais une relique, d\u00e9clare le marquis.\u00a0 Tout y est absolument authentique et je l\u2019ai jalousement conserv\u00e9 ainsi. Mais permettez-moi de vous pr\u00e9senter ma famille.\u00a0\u00bb<\/p>\n<p>Il nous entra\u00eene alors dans les multiples pi\u00e8ces en commen\u00e7ant par un arbre g\u00e9n\u00e9alogique affich\u00e9 au mur.<\/p>\n<p>\u00ab\u00a0Suivez-moi dans le dressing, nous invite le marquis, et\u00a0 venez admirer la robe que portait ma m\u00e8re \u00e0 l\u2019occasion du couronnement de la reine Elisabeth II. Ma m\u00e8re \u00e9tait une dame tr\u00e8s humble, mais un couronnement est un couronnement et il fallait une robe somptueuse. Vous voyez le valet qui se trouve \u00e0 c\u00f4t\u00e9\u00a0? Le costume qui y est accroch\u00e9 est celui que mon p\u00e8re portait \u00e0 cette occasion. Vous \u00eates Suisses\u00a0? Savez-vous que mon p\u00e8re a fait ses \u00e9tudes au coll\u00e8ge Champittet de Pully\u00a0?\u00a0\u00bb<\/p>\n<p>&nbsp;<br \/>\n<a href=\"http:\/\/www.jepars.ch\/magazine\/wp-content\/uploads\/2023\/12\/IMG_9730.jpg\"><img loading=\"lazy\" decoding=\"async\" src=\"http:\/\/www.jepars.ch\/magazine\/wp-content\/uploads\/2023\/12\/IMG_9730-455x303.jpg\" alt=\"IMG_9730\" width=\"455\" height=\"303\" class=\"alignnone size-medium wp-image-20332\" srcset=\"https:\/\/www.jepars.ch\/magazine\/wp-content\/uploads\/2023\/12\/IMG_9730-455x303.jpg 455w, https:\/\/www.jepars.ch\/magazine\/wp-content\/uploads\/2023\/12\/IMG_9730-150x100.jpg 150w, https:\/\/www.jepars.ch\/magazine\/wp-content\/uploads\/2023\/12\/IMG_9730.jpg 1024w\" sizes=\"auto, (max-width: 455px) 100vw, 455px\" \/><\/a><br \/>\nEt ainsi, d\u2019une salle \u00e0 l\u2019autre, il raconte les banquets fastueux avec la vaisselle en argent dispos\u00e9s sur la grande table de la salle \u00e0 manger, le meuble dont il ouvre les portes pour faire appara\u00eetre un retable miniature, la chaise \u00e0 porteur de ses anc\u00eatres, et pour finir sur un buste de sa m\u00e8re, et tout cela comment\u00e9 avec fiert\u00e9, humour, humilit\u00e9 et un brin de nostalgie.<br \/>\n&nbsp;<br \/>\nTexte et photos <strong>G\u00e9rard Blanc<\/strong><\/p>\n<p>&nbsp;<br \/>\n<iframe loading=\"lazy\" src=\"https:\/\/www.google.com\/maps\/embed?pb=!1m18!1m12!1m3!1d178418.01946713592!2d14.234956783513141!3d35.942399170197284!2m3!1f0!2f0!3f0!3m2!1i1024!2i768!4f13.1!3m3!1m2!1s0x130e45281d8647c5%3A0xf582d86136be4239!2sMalte!5e0!3m2!1sfr!2sfr!4v1495408878408\" width=\"455\" height=\"300\" frameborder=\"0\"  target=\"_blank\" style=\"border:0\" allowfullscreen><\/iframe><\/p>\n","protected":false},"excerpt":{"rendered":"<p>ok<\/p>\n","protected":false},"author":3,"featured_media":20330,"comment_status":"open","ping_status":"closed","sticky":false,"template":"","format":"standard","meta":{"ngg_post_thumbnail":0,"footnotes":""},"categories":[7,49,95],"tags":[9300,9302,9518,9303,9572,9301,7930],"class_list":["post-20275","post","type-post","status-publish","format-standard","has-post-thumbnail","hentry","category-europe","category-ilselles-font-le-tourisme","category-malte","tag-casaroccapicola","tag-chevaliers-ordre","tag-europe","tag-lavalette","tag-malte","tag-marquis-depiro","tag-musee-2"],"wps_subtitle":"ILS\/ELLES FONT LE TOURISME","_links":{"self":[{"href":"https:\/\/www.jepars.ch\/magazine\/wp-json\/wp\/v2\/posts\/20275","targetHints":{"allow":["GET"]}}],"collection":[{"href":"https:\/\/www.jepars.ch\/magazine\/wp-json\/wp\/v2\/posts"}],"about":[{"href":"https:\/\/www.jepars.ch\/magazine\/wp-json\/wp\/v2\/types\/post"}],"author":[{"embeddable":true,"href":"https:\/\/www.jepars.ch\/magazine\/wp-json\/wp\/v2\/users\/3"}],"replies":[{"embeddable":true,"href":"https:\/\/www.jepars.ch\/magazine\/wp-json\/wp\/v2\/comments?post=20275"}],"version-history":[{"count":4,"href":"https:\/\/www.jepars.ch\/magazine\/wp-json\/wp\/v2\/posts\/20275\/revisions"}],"predecessor-version":[{"id":20334,"href":"https:\/\/www.jepars.ch\/magazine\/wp-json\/wp\/v2\/posts\/20275\/revisions\/20334"}],"wp:featuredmedia":[{"embeddable":true,"href":"https:\/\/www.jepars.ch\/magazine\/wp-json\/wp\/v2\/media\/20330"}],"wp:attachment":[{"href":"https:\/\/www.jepars.ch\/magazine\/wp-json\/wp\/v2\/media?parent=20275"}],"wp:term":[{"taxonomy":"category","embeddable":true,"href":"https:\/\/www.jepars.ch\/magazine\/wp-json\/wp\/v2\/categories?post=20275"},{"taxonomy":"post_tag","embeddable":true,"href":"https:\/\/www.jepars.ch\/magazine\/wp-json\/wp\/v2\/tags?post=20275"}],"curies":[{"name":"wp","href":"https:\/\/api.w.org\/{rel}","templated":true}]}}