{"id":19825,"date":"2022-11-27T16:02:59","date_gmt":"2022-11-27T15:02:59","guid":{"rendered":"http:\/\/www.jepars.ch\/magazine\/?p=19825"},"modified":"2022-11-27T16:02:59","modified_gmt":"2022-11-27T15:02:59","slug":"tap-air-portugal-annule-360-vols-en-decembre","status":"publish","type":"post","link":"https:\/\/www.jepars.ch\/magazine\/tap-air-portugal-annule-360-vols-en-decembre\/","title":{"rendered":"TAP Air Portugal annule 360 vols en d\u00e9cembre"},"content":{"rendered":"<p>Le personnel de cabine de la compagnie a\u00e9rienne TAP Air Portugal a d\u00e9pos\u00e9 un pr\u00e9avis de gr\u00e8ve pour les 8 et 9 d\u00e9cembre 2022 afin de protester contre une baisse des salaires qui intervient dans le cadre d&#8217;un nouvel accord d&#8217;entreprise. Cette d\u00e9marche du personnel navigant r\u00e9sulte de n\u00e9gociations qui n\u2019ont pas abouti, \u00e0 l\u2019or\u00e9e de l\u2019annonce de privatisation.<\/p>\n<p>Prenant les devants, la compagnie a\u00e9rienne a d\u00e9clar\u00e9 qu\u2019afin de prot\u00e9ger ses passagers et de ne pas les laisser dans l\u2019incertitude, elle avait choisi d\u2019annuler 360 vols les 8 et 9 d\u00e9cembre et a inform\u00e9 que tous les passagers dont le vol \u00e9tait initialement pr\u00e9vu \u00e0 ces dates\u00a0 pourraient changer les dates de leur billet gratuitement, \u00e0 condition que celles-ci soient comprises entre le 28 novembre et le 19 d\u00e9cembre 2022. Environ 50&#8217;000 passagers seraient concern\u00e9s par ces annulations.<\/p>\n","protected":false},"excerpt":{"rendered":"<p> TAP Air Portugal a d\u00e9pos\u00e9 un pr\u00e9avis de gr\u00e8ve pour les 8 et 9 d\u00e9cembre 2022 afin de protester contre une baisse des salaires qui intervient dans le cadre d&#8217;un nouvel accord d&#8217;entreprise. Cette d\u00e9marche du personnel navigant r\u00e9sulte de n\u00e9gociations qui n\u2019ont pas abouti, \u00e0 l\u2019or\u00e9e de l\u2019annonce de privatisation.<\/p>\n","protected":false},"author":3,"featured_media":0,"comment_status":"open","ping_status":"closed","sticky":false,"template":"","format":"standard","meta":{"ngg_post_thumbnail":0,"footnotes":""},"categories":[51],"tags":[9104,9105,6875,6403,8163,7107],"class_list":["post-19825","post","type-post","status-publish","format-standard","hentry","category-breves","tag-air","tag-annules","tag-greves","tag-pilotes","tag-tap","tag-vols"],"wps_subtitle":"","_links":{"self":[{"href":"https:\/\/www.jepars.ch\/magazine\/wp-json\/wp\/v2\/posts\/19825","targetHints":{"allow":["GET"]}}],"collection":[{"href":"https:\/\/www.jepars.ch\/magazine\/wp-json\/wp\/v2\/posts"}],"about":[{"href":"https:\/\/www.jepars.ch\/magazine\/wp-json\/wp\/v2\/types\/post"}],"author":[{"embeddable":true,"href":"https:\/\/www.jepars.ch\/magazine\/wp-json\/wp\/v2\/users\/3"}],"replies":[{"embeddable":true,"href":"https:\/\/www.jepars.ch\/magazine\/wp-json\/wp\/v2\/comments?post=19825"}],"version-history":[{"count":1,"href":"https:\/\/www.jepars.ch\/magazine\/wp-json\/wp\/v2\/posts\/19825\/revisions"}],"predecessor-version":[{"id":19826,"href":"https:\/\/www.jepars.ch\/magazine\/wp-json\/wp\/v2\/posts\/19825\/revisions\/19826"}],"wp:attachment":[{"href":"https:\/\/www.jepars.ch\/magazine\/wp-json\/wp\/v2\/media?parent=19825"}],"wp:term":[{"taxonomy":"category","embeddable":true,"href":"https:\/\/www.jepars.ch\/magazine\/wp-json\/wp\/v2\/categories?post=19825"},{"taxonomy":"post_tag","embeddable":true,"href":"https:\/\/www.jepars.ch\/magazine\/wp-json\/wp\/v2\/tags?post=19825"}],"curies":[{"name":"wp","href":"https:\/\/api.w.org\/{rel}","templated":true}]}}