{"id":19323,"date":"2021-10-25T17:24:44","date_gmt":"2021-10-25T16:24:44","guid":{"rendered":"http:\/\/www.jepars.ch\/magazine\/?p=19323"},"modified":"2021-10-25T17:25:02","modified_gmt":"2021-10-25T16:25:02","slug":"federation-suisse-des-voyages-oui-a-la-loi-covid","status":"publish","type":"post","link":"https:\/\/www.jepars.ch\/magazine\/federation-suisse-des-voyages-oui-a-la-loi-covid\/","title":{"rendered":"F\u00e9d\u00e9ration suisse des voyages : Oui \u00e0 la loi Covid"},"content":{"rendered":"<p>Dans un r\u00e9cent communiqu\u00e9, la FSV (F\u00e9d\u00e9ration suisse des voyages) prend ouvertement position en faveur de la Loi suisse sur la COVID-19 et d\u00e9clare avoir entra\u00een\u00e9 derri\u00e8re elle une large alliance\u00a0 d\u2019associations touristiques. Elle \u00a0invite tous les professionnels de la branche \u00e0 voter pour et \u00e0 encourager le plus possible de personnes \u00e0 en faire de m\u00eame.<\/p>\n<p>Comme chacun sait, la branche du tourisme a \u00e9t\u00e9 affect\u00e9e au plus haut point et, en cas de refus de la loi par le peuple suisse, un nouveau confinement lui serait fatal.<\/p>\n<p>La branche du tourisme a approuv\u00e9 d\u2019embl\u00e9e l\u2019introduction du certificat COVID, car une telle attestation\u00a0 a ouvert, d\u00e8s le printemps dernier, la voie \u00e0 une lev\u00e9e progressive des mesures de protection pour les personnes vaccin\u00e9es, gu\u00e9ries et test\u00e9es. Le certificat COVID a permis d\u2019\u00e9viter un durcissement des mesures de protection.<\/p>\n<p>La FSV souligne que le certificat COVID constitue la base du tourisme transfrontalier en p\u00e9riode de pand\u00e9mie. En cas de refus, il n\u2019existerait plus de base l\u00e9gale permettant d\u2019avoir des certificats uniformes, infalsifiables et compatibles avec l\u2019UE. Il n\u2019y aurait donc plus de certificat qui serait reconnu dans les pays de l\u2019UE.<\/p>\n","protected":false},"excerpt":{"rendered":"<p>La branche du tourisme a approuv\u00e9 d\u2019embl\u00e9e l\u2019introduction du certificat COVID, car une telle attestation  a ouvert, d\u00e8s le printemps dernier, la voie \u00e0 une lev\u00e9e progressive des mesures de protection pour les personnes vaccin\u00e9es, gu\u00e9ries et test\u00e9es. Le certificat COVID a permis d\u2019\u00e9viter un durcissement des mesures de protection.<\/p>\n","protected":false},"author":3,"featured_media":0,"comment_status":"open","ping_status":"closed","sticky":false,"template":"","format":"standard","meta":{"ngg_post_thumbnail":0,"footnotes":""},"categories":[51],"tags":[8879,3750,8877,5523,8878],"class_list":["post-19323","post","type-post","status-publish","format-standard","hentry","category-breves","tag-certificat-covid-19","tag-fsv","tag-loi-covid","tag-ue","tag-vote"],"wps_subtitle":"BR\u00c8VES","_links":{"self":[{"href":"https:\/\/www.jepars.ch\/magazine\/wp-json\/wp\/v2\/posts\/19323","targetHints":{"allow":["GET"]}}],"collection":[{"href":"https:\/\/www.jepars.ch\/magazine\/wp-json\/wp\/v2\/posts"}],"about":[{"href":"https:\/\/www.jepars.ch\/magazine\/wp-json\/wp\/v2\/types\/post"}],"author":[{"embeddable":true,"href":"https:\/\/www.jepars.ch\/magazine\/wp-json\/wp\/v2\/users\/3"}],"replies":[{"embeddable":true,"href":"https:\/\/www.jepars.ch\/magazine\/wp-json\/wp\/v2\/comments?post=19323"}],"version-history":[{"count":1,"href":"https:\/\/www.jepars.ch\/magazine\/wp-json\/wp\/v2\/posts\/19323\/revisions"}],"predecessor-version":[{"id":19324,"href":"https:\/\/www.jepars.ch\/magazine\/wp-json\/wp\/v2\/posts\/19323\/revisions\/19324"}],"wp:attachment":[{"href":"https:\/\/www.jepars.ch\/magazine\/wp-json\/wp\/v2\/media?parent=19323"}],"wp:term":[{"taxonomy":"category","embeddable":true,"href":"https:\/\/www.jepars.ch\/magazine\/wp-json\/wp\/v2\/categories?post=19323"},{"taxonomy":"post_tag","embeddable":true,"href":"https:\/\/www.jepars.ch\/magazine\/wp-json\/wp\/v2\/tags?post=19323"}],"curies":[{"name":"wp","href":"https:\/\/api.w.org\/{rel}","templated":true}]}}