{"id":18917,"date":"2024-09-29T00:47:03","date_gmt":"2024-09-28T23:47:03","guid":{"rendered":"http:\/\/www.jepars.ch\/magazine\/?p=18917"},"modified":"2024-09-30T16:06:24","modified_gmt":"2024-09-30T15:06:24","slug":"caen-de-guillaume-le-conquerant-a-la-bataille-de-normandie","status":"publish","type":"post","link":"https:\/\/www.jepars.ch\/magazine\/caen-de-guillaume-le-conquerant-a-la-bataille-de-normandie\/","title":{"rendered":"Caen : de Guillaume le Conqu\u00e9rant \u00e0 la bataille de Normandie"},"content":{"rendered":"<p><strong>Vacances \u00e0 Caen m\u00eame\u00a0?<\/strong><br \/>\nRaymond Devos d\u00e9clamait \u00ab A force d\u2019entendre, \u00e0 quand les vacances, je me suis dit j\u2019vais aller \u00e0 Caen ! \u00bb. Pour un s\u00e9jour prolong\u00e9, les plages de Normandie iraient peut-\u00eatre mieux, mais lors d\u2019un passage dans la r\u00e9gion, Caen regorge de sites culturels et historiques \u00e0 d\u00e9couvrir pendant quelques jours.<br \/>\nSelon la rumeur, Caen aurait \u00e9t\u00e9 d\u00e9truite \u00e0 75% en juin 1944. Elle ne le fut qu\u2019\u00e0 50%, ce qui n\u2019est d\u00e9j\u00e0 pas n\u00e9gligeable, mais ne craignez rien, elle vaut la peine d\u2019\u00eatre d\u00e9couverte et les espaces en ruine ont \u00e9t\u00e9 reconstruits.<\/p>\n<div id=\"attachment_18938\" style=\"width: 465px\" class=\"wp-caption alignnone\"><a href=\"http:\/\/www.jepars.ch\/magazine\/wp-content\/uploads\/2021\/02\/Tombeau-Guillaume-le-conque\u0301rant-photo-G-Blanc.jpg\"><img loading=\"lazy\" decoding=\"async\" aria-describedby=\"caption-attachment-18938\" class=\"wp-image-18938 size-medium\" src=\"http:\/\/www.jepars.ch\/magazine\/wp-content\/uploads\/2021\/02\/Tombeau-Guillaume-le-conque\u0301rant-photo-G-Blanc-455x303.jpg\" alt=\"Tombeau Guillaume le conque\u0301rant\" width=\"455\" height=\"303\" srcset=\"https:\/\/www.jepars.ch\/magazine\/wp-content\/uploads\/2021\/02\/Tombeau-Guillaume-le-conque\u0301rant-photo-G-Blanc-455x303.jpg 455w, https:\/\/www.jepars.ch\/magazine\/wp-content\/uploads\/2021\/02\/Tombeau-Guillaume-le-conque\u0301rant-photo-G-Blanc-150x100.jpg 150w, https:\/\/www.jepars.ch\/magazine\/wp-content\/uploads\/2021\/02\/Tombeau-Guillaume-le-conque\u0301rant-photo-G-Blanc.jpg 1024w\" sizes=\"auto, (max-width: 455px) 100vw, 455px\" \/><\/a><p id=\"caption-attachment-18938\" class=\"wp-caption-text\">Tombeau de Guillaume le Conque\u0301rant \u00a9 G\u00e9rard Blanc<\/p><\/div>\n<p>Au 11\u00e8me si\u00e8cle, Guillaume le Conqu\u00e9rant, roi d\u2019Angleterre et 7\u00e8me duc de Normandie, t\u00e9moigna son affection pour Caen qui n\u2019\u00e9tait alors qu\u2019une bourgade. Il mit toute son \u00e9nergie pour en faire une ville prosp\u00e8re. C\u2019\u00e9tait la p\u00e9riode faste, o\u00f9 la cit\u00e9 normande fut d\u00e9clar\u00e9e \u00ab\u00a0ville d\u2019eau\u00a0\u00bb \u00e0 cause de l\u2019Orne et du grand port de commerce international de c\u00e9r\u00e9ales. Ceci explique que dans le quartier avoisinant l\u2019\u00e9glise de Saint-Pierre on trouve encore beaucoup de maisons de ma\u00eetre ayant appartenu \u00e0 des armateurs comme, par exemple, l\u2019h\u00f4tel de Nicolas Valois d\u2019Escoville, dont la fa\u00e7ade rappelle celle du ch\u00e2teau de Chambord par son style Renaissance.<\/p>\n<blockquote><p><a href=\"http:\/\/www.jepars.ch\/magazine\/wp-content\/uploads\/2021\/02\/Me\u0301morial-photo\u00a9Franc\u0327ois-Monier-.jpg\"><img loading=\"lazy\" decoding=\"async\" class=\"alignleft wp-image-18935\" style=\"margin: 0px 0px -10px 0px\" src=\"http:\/\/www.jepars.ch\/magazine\/wp-content\/uploads\/2021\/02\/Me\u0301morial-photo\u00a9Franc\u0327ois-Monier--455x219.jpg\" alt=\"Me\u0301morial photo\u00a9Franc\u0327ois Monier+\" width=\"190\" height=\"92\" srcset=\"https:\/\/www.jepars.ch\/magazine\/wp-content\/uploads\/2021\/02\/Me\u0301morial-photo\u00a9Franc\u0327ois-Monier--455x219.jpg 455w, https:\/\/www.jepars.ch\/magazine\/wp-content\/uploads\/2021\/02\/Me\u0301morial-photo\u00a9Franc\u0327ois-Monier-.jpg 1024w\" sizes=\"auto, (max-width: 190px) 100vw, 190px\" \/><\/a><br \/>\n<strong>Le m\u00e9morial<\/strong><br \/>\n\u00c0 Caen, il est impossible d\u2019\u00e9luder le d\u00e9barquement de juin 1944. Dans la p\u00e9riph\u00e9rie de la ville le M\u00e9morial de Caen comm\u00e9more tous les aspects de la 2\u00e8me Guerre mondiale avec la Bataille de Normandie et le d\u00e9barquement des troupes alli\u00e9es, mais aussi la p\u00e9riode de la Guerre froide jusqu\u2019\u00e0 la chute du Rideau de fer. Il faut rendre hommage au documentaire \u00ab\u00a0Le Jour-J et la Bataille de Normandie, \u00a0qui retrace d\u2019une fa\u00e7on saisissante une bataille qui fut la cl\u00e9 de la lib\u00e9ration de l\u2019Europe nazie. Dans un souterrain du M\u00e9morial, l\u2019ancien poste de commandement du g\u00e9n\u00e9ral allemand Wilhelm Richter a \u00e9t\u00e9 reconstitu\u00e9 et r\u00e9v\u00e8le l\u2019une des p\u00e9riodes les plus noires de l\u2019occupation allemande et de la R\u00e9sistance.<br \/>\n<a href=\"http:\/\/www.jepars.ch\/magazine\/wp-content\/uploads\/2021\/02\/espace-ge\u0301nocide-et-violence-de-masse-\u00a9-Le-Me\u0301morial-de-Caen.jpg\"><img loading=\"lazy\" decoding=\"async\" class=\"alignleft wp-image-18934\" style=\"margin: 10px 0px -10px 0px\" src=\"http:\/\/www.jepars.ch\/magazine\/wp-content\/uploads\/2021\/02\/espace-ge\u0301nocide-et-violence-de-masse-\u00a9-Le-Me\u0301morial-de-Caen-455x303.jpg\" alt=\"espace ge\u0301nocide et violence de masse \u00a9 Le Me\u0301morial de Caen\" width=\"190\" height=\"127\" srcset=\"https:\/\/www.jepars.ch\/magazine\/wp-content\/uploads\/2021\/02\/espace-ge\u0301nocide-et-violence-de-masse-\u00a9-Le-Me\u0301morial-de-Caen-455x303.jpg 455w, https:\/\/www.jepars.ch\/magazine\/wp-content\/uploads\/2021\/02\/espace-ge\u0301nocide-et-violence-de-masse-\u00a9-Le-Me\u0301morial-de-Caen-150x100.jpg 150w, https:\/\/www.jepars.ch\/magazine\/wp-content\/uploads\/2021\/02\/espace-ge\u0301nocide-et-violence-de-masse-\u00a9-Le-Me\u0301morial-de-Caen.jpg 1024w\" sizes=\"auto, (max-width: 190px) 100vw, 190px\" \/><\/a> Photos \u00a9 Fran\u00e7ois Monier et M\u00e9morial de Caen<\/p><\/blockquote>\n<p><strong>La forteresse<\/strong><br \/>\nToute visite de Caen doit commencer par le ch\u00e2teau o\u00f9 Guillaume le Conqu\u00e9rant r\u00e9sida au 11\u00e8me si\u00e8cle. L\u2019int\u00e9r\u00eat \u00e0 s\u2019y rendre est d\u2019abord pour sa situation au sommet d\u2019une colline dominant la ville et permettant d\u2019avoir une vue panoramique avec, au premier plan, la \u00a0Maison des Quatrans (14\u00e8me s.), l\u2019une des rares \u00e0 avoir r\u00e9sist\u00e9 aux bombardements, l\u2019\u00e9glise Saint-Pierre et sa fl\u00e8che, et le quartier Saint-Jean qui, \u00e0 la suite du bombardement, a \u00e9t\u00e9 enti\u00e8rement reconstruit et, enfin, le vieux quartier et ses clochers.<br \/>\nLes reliquats de la forteresse t\u00e9moignent du souhait des ducs de Normandie d\u2019en faire l\u2019une des plus grandes places fortes d\u2019Europe. Mais entrons plut\u00f4t dans l\u2019\u00abenceinte des mus\u00e9es\u00bb, avec, d\u2019abord, le Mus\u00e9e de Normandie, un espace d\u2019expositions qui retrace l\u2019histoire de la r\u00e9gion, de ses origines aux ann\u00e9es 80, avec son \u00e9volution arch\u00e9ologique et culturelle. Vient ensuite \u00a0le mus\u00e9e des Beaux-Arts et ses expositions permanentes et temporaires, du 15\u00e9me si\u00e8cle \u00e0 la p\u00e9riode actuelle.<br \/>\nLe parc ext\u00e9rieur met en valeur des sculptures contemporaines depuis 2007, avec des \u0153uvres d\u2019Antoine Bourdelle, Marta Pan, Damien Cabanes, mais surtout de Huang Yong Ping avec une succession de colonnes de bois hautes de cinq \u00e0 douze m\u00e8tres supportant neuf animaux mythiques emprunt\u00e9s \u00e0 la tradition chinoise.<\/p>\n<p><strong>Le vieux quartier<\/strong><br \/>\nOn longe la rue Saint-Pierre pour entrer dans\u00a0 la vielle ville, un quartier qui, de longue tradition, est fr\u00e9quent\u00e9 par les \u00e9tudiants. Au num\u00e9ro 149, on d\u00e9couvre la maison natale et la statue de Fran\u00e7ois de Malherbe, c\u00e9l\u00e8bre po\u00e8te de la Renaissance, favori des rois Henri IV et Louis XIII. C\u2019est aujourd\u2019hui \u00e0 la rue Saint-Sauveur qu\u2019ont lieu les soir\u00e9es \u00e9tudiantes d\u00e9brid\u00e9es.<br \/>\n<a href=\"http:\/\/www.jepars.ch\/magazine\/wp-content\/uploads\/2021\/02\/Place-du-Pilori-2-photo-G.-Blanc-.jpg\"><img loading=\"lazy\" decoding=\"async\" class=\"alignnone size-medium wp-image-18936\" src=\"http:\/\/www.jepars.ch\/magazine\/wp-content\/uploads\/2021\/02\/Place-du-Pilori-2-photo-G.-Blanc--455x303.jpg\" alt=\"Place du Pilori 2 photo G. Blanc+\" width=\"455\" height=\"303\" srcset=\"https:\/\/www.jepars.ch\/magazine\/wp-content\/uploads\/2021\/02\/Place-du-Pilori-2-photo-G.-Blanc--455x303.jpg 455w, https:\/\/www.jepars.ch\/magazine\/wp-content\/uploads\/2021\/02\/Place-du-Pilori-2-photo-G.-Blanc--150x100.jpg 150w, https:\/\/www.jepars.ch\/magazine\/wp-content\/uploads\/2021\/02\/Place-du-Pilori-2-photo-G.-Blanc-.jpg 1024w\" sizes=\"auto, (max-width: 455px) 100vw, 455px\" \/><\/a><br \/>\n<strong>Du pilori \u00e0 l\u2019art moderne<\/strong><br \/>\nL\u2018une des plus belles places de Caen se trouvant dans le quartier ancien est la place Saint-Sauveur qu\u2019on appelle aussi la place du March\u00e9 ou la place du Pilori. C\u2019est l\u00e0 o\u00f9 se rendait la justice et les ex\u00e9cutions capitales. Elle se distingue d\u2019abord pour les somptueux b\u00e2timents qui ornent son pourtour\u00a0dont le Palais de justice, l\u2019\u00e9glise Saint-Sauveur et des maisons de ma\u00eetre comme l\u2019h\u00f4tel Fouet ou l\u2019h\u00f4tel Conteil de Cond\u00e9. Au centre tr\u00f4ne une insolite statue de Louis XIV en empereur romain.\u00a0 Le march\u00e9 y a toujours lieu le vendredi matin et c\u2019est un lieu favori pour des \u00e9v\u00e9nements festifs, comme le Salon du livre ou le march\u00e9 de No\u00ebl.<br \/>\nJoep Van Lieshout, artiste n\u00e9erlandais, a \u00e9t\u00e9 sollicit\u00e9 par le maire de Caen pour d\u00e9corer le centre de la place avec des sculptures en aluminium.\u00a0 Les commentaires des Caennais ont \u00e9t\u00e9 du pire au meilleur.<\/p>\n<p><strong>L\u2019Abbaye-aux-hommes<\/strong><br \/>\n<a href=\"http:\/\/www.jepars.ch\/magazine\/wp-content\/uploads\/2021\/02\/Abbaye-aux-hommes-photo-G.-Blanc.jpg\"><img loading=\"lazy\" decoding=\"async\" class=\"alignleft wp-image-18933\" style=\"margin: 10px 10px -10px 0px\" src=\"http:\/\/www.jepars.ch\/magazine\/wp-content\/uploads\/2021\/02\/Abbaye-aux-hommes-photo-G.-Blanc-455x682.jpg\" alt=\"Abbaye-aux-hommes photo G. Blanc\" width=\"225\" height=\"337\" srcset=\"https:\/\/www.jepars.ch\/magazine\/wp-content\/uploads\/2021\/02\/Abbaye-aux-hommes-photo-G.-Blanc-455x682.jpg 455w, https:\/\/www.jepars.ch\/magazine\/wp-content\/uploads\/2021\/02\/Abbaye-aux-hommes-photo-G.-Blanc.jpg 683w\" sizes=\"auto, (max-width: 225px) 100vw, 225px\" \/><\/a>Depuis la place Saint-Sauveur, la rue Guillaume-le-Conqu\u00e9rant m\u00e8ne \u00e0 l\u2019\u00e9difice phare de Caen qu\u2019est l\u2019Abbaye Saint-Etienne ou Abbaye-aux-hommes, chef-d\u2019\u0153uvre du style roman (photos en une et ci-contre). Il servit de refuge \u00e0 plusieurs milliers de civils pendant l\u2019\u00e9t\u00e9 1944. C\u2019est dans l\u2019\u00e9glise que se trouve la s\u00e9pulture de Guillaume le Conqu\u00e9rant. Attenant \u00e0 l\u2019abbaye, le Palais ducal accueille aujourd\u2019hui l\u2019Artoth\u00e8que qui donne la part belle \u00e0 l\u2019art contemporain. \u00a0Par temps radieux, une belle image s\u2019offre avec ce b\u00e2timent illustre donnant sur un vaste jardin \u00e0 la fran\u00e7aise.<\/p>\n<p>Texte et photos<strong> G\u00e9rard Blanc<\/strong><\/p>\n<p><em>Cet article a \u00e9galement \u00e9t\u00e9 publi\u00e9 dans le quotidien La Libert\u00e9<\/em><\/p>\n<h3><span style=\"color: #ff0000\">Infos pratiques<\/span><\/h3>\n<h5><span style=\"color: #ff0000\">Y aller<\/span><\/h5>\n<p>En train, le plus rapide est de 9h36 avec correspondance \u00e0 Paris, en voiture environ 9h00 de trajet sans les arr\u00eats<\/p>\n<h5><span style=\"color: #ff0000\">Manger<\/span><\/h5>\n<p>La Table des mati\u00e8res, La Glycine<\/p>\n<h5><span style=\"color: #ff0000\">Se loger<\/span><\/h5>\n<p>La Fontaine, Fran\u00e7ois d\u2019O.<\/p>\n","protected":false},"excerpt":{"rendered":"<p>ok<\/p>\n","protected":false},"author":3,"featured_media":18932,"comment_status":"open","ping_status":"closed","sticky":false,"template":"","format":"standard","meta":{"ngg_post_thumbnail":0,"footnotes":""},"categories":[7,58,12],"tags":[2497,8692,9535,8633,8695,8693,7226,7790,8696,8694],"class_list":["post-18917","post","type-post","status-publish","format-standard","has-post-thumbnail","hentry","category-europe","category-france-europe","category-aladecouverte","tag-caen","tag-calvados","tag-france-europe","tag-guillaume-le-conquerant","tag-joep-van-lieshout","tag-malherbe","tag-memorial","tag-normandie","tag-palais-ducal","tag-place-du-pilori"],"wps_subtitle":"JE PARS \u00c0 LA D\u00c9COUVERTE","_links":{"self":[{"href":"https:\/\/www.jepars.ch\/magazine\/wp-json\/wp\/v2\/posts\/18917","targetHints":{"allow":["GET"]}}],"collection":[{"href":"https:\/\/www.jepars.ch\/magazine\/wp-json\/wp\/v2\/posts"}],"about":[{"href":"https:\/\/www.jepars.ch\/magazine\/wp-json\/wp\/v2\/types\/post"}],"author":[{"embeddable":true,"href":"https:\/\/www.jepars.ch\/magazine\/wp-json\/wp\/v2\/users\/3"}],"replies":[{"embeddable":true,"href":"https:\/\/www.jepars.ch\/magazine\/wp-json\/wp\/v2\/comments?post=18917"}],"version-history":[{"count":19,"href":"https:\/\/www.jepars.ch\/magazine\/wp-json\/wp\/v2\/posts\/18917\/revisions"}],"predecessor-version":[{"id":20711,"href":"https:\/\/www.jepars.ch\/magazine\/wp-json\/wp\/v2\/posts\/18917\/revisions\/20711"}],"wp:featuredmedia":[{"embeddable":true,"href":"https:\/\/www.jepars.ch\/magazine\/wp-json\/wp\/v2\/media\/18932"}],"wp:attachment":[{"href":"https:\/\/www.jepars.ch\/magazine\/wp-json\/wp\/v2\/media?parent=18917"}],"wp:term":[{"taxonomy":"category","embeddable":true,"href":"https:\/\/www.jepars.ch\/magazine\/wp-json\/wp\/v2\/categories?post=18917"},{"taxonomy":"post_tag","embeddable":true,"href":"https:\/\/www.jepars.ch\/magazine\/wp-json\/wp\/v2\/tags?post=18917"}],"curies":[{"name":"wp","href":"https:\/\/api.w.org\/{rel}","templated":true}]}}