{"id":18763,"date":"2024-10-24T00:52:12","date_gmt":"2024-10-23T23:52:12","guid":{"rendered":"http:\/\/www.jepars.ch\/magazine\/?p=18763"},"modified":"2024-10-25T17:55:44","modified_gmt":"2024-10-25T16:55:44","slug":"dol-de-bretagne-lancienne-capitale-religieuse-de-la-bretagne","status":"publish","type":"post","link":"https:\/\/www.jepars.ch\/magazine\/dol-de-bretagne-lancienne-capitale-religieuse-de-la-bretagne\/","title":{"rendered":"Dol-de-Bretagne, l\u2019ancienne capitale religieuse de la Bretagne"},"content":{"rendered":"<p><strong>La Bretagne de traditions<\/strong><br \/>\nLors d\u2019un s\u00e9jour \u00e0 Saint-Malo, l\u2019occasion est belle de rayonner aux alentours pour d\u00e9couvrir des tr\u00e9sors d\u2019authenticit\u00e9 \u00e0 la ronde. Il y a bien s\u00fbr Cancale et ses parcs \u00e0 hu\u00eetres, ou les rugissants du cap Fr\u00e9hel, mais dans d\u2019autres lieux, moins connus, on d\u00e9couvre un patrimoine historique cher aux Bretons. Dol-de-Bretagne a comme particularit\u00e9 d\u2019avoir connu des h\u00e9ros qui y ont laiss\u00e9 leurs traces ind\u00e9l\u00e9biles.<\/p>\n<p><a href=\"http:\/\/www.jepars.ch\/magazine\/wp-content\/uploads\/2020\/11\/PardonSaint-SamsonDSC_7649.jpg\"><img loading=\"lazy\" decoding=\"async\" class=\"alignnone size-medium wp-image-18791\" src=\"http:\/\/www.jepars.ch\/magazine\/wp-content\/uploads\/2020\/11\/PardonSaint-SamsonDSC_7649-455x303.jpg\" alt=\"PardonSaint-Samson-Dol de Bretagne\" width=\"455\" height=\"303\" srcset=\"https:\/\/www.jepars.ch\/magazine\/wp-content\/uploads\/2020\/11\/PardonSaint-SamsonDSC_7649-455x303.jpg 455w, https:\/\/www.jepars.ch\/magazine\/wp-content\/uploads\/2020\/11\/PardonSaint-SamsonDSC_7649-150x100.jpg 150w, https:\/\/www.jepars.ch\/magazine\/wp-content\/uploads\/2020\/11\/PardonSaint-SamsonDSC_7649.jpg 1024w\" sizes=\"auto, (max-width: 455px) 100vw, 455px\" \/><\/a><br \/>\n<strong>L\u2019ancienne capitale\u00a0religieuse<\/strong><br \/>\nEn Bretagne, il y a eu des capitales administratives (Nantes, Vanes ou Rennes), mais aussi des capitales religieuses, et tel fut le cas de Dol-de-Bretagne du 6\u00e8me si\u00e8cle \u00e0 la premi\u00e8re R\u00e9volution fran\u00e7aise. Toute visite de cette petite ville de 5800 habitants, class\u00e9e petite cit\u00e9 de caract\u00e8re de Bretagne, doit commencer par la cath\u00e9drale Saint-Samson sur le parvis de laquelle se dressent deux statues qui \u00e9voquent les p\u00e9riodes cl\u00e9s de la ville. <a href=\"http:\/\/www.jepars.ch\/magazine\/wp-content\/uploads\/2020\/11\/Dol_MG_9636.jpg\"><img loading=\"lazy\" decoding=\"async\" class=\"alignleft wp-image-18786\" style=\"margin: 10px 5px -10px 0px\" src=\"http:\/\/www.jepars.ch\/magazine\/wp-content\/uploads\/2020\/11\/Dol_MG_9636-455x303.jpg\" alt=\"Dol de Bretagne\" width=\"210\" height=\"140\" srcset=\"https:\/\/www.jepars.ch\/magazine\/wp-content\/uploads\/2020\/11\/Dol_MG_9636-455x303.jpg 455w, https:\/\/www.jepars.ch\/magazine\/wp-content\/uploads\/2020\/11\/Dol_MG_9636-150x100.jpg 150w, https:\/\/www.jepars.ch\/magazine\/wp-content\/uploads\/2020\/11\/Dol_MG_9636.jpg 1024w\" sizes=\"auto, (max-width: 210px) 100vw, 210px\" \/><\/a>La premi\u00e8re repr\u00e9sente la Maen Vag, une barque en granit de Lanh\u00e9lin issue d\u2019un bloc de 35 tonnes et repr\u00e9sentant, selon la l\u00e9gende, la barque en pierre qui aurait permis au moine Saint-Samson, venu du pays de Galles avec d\u2019autres religieux, tels Saint Suliac ou Saint Maclew (celui qui donna son nom \u00e0 Saint-Malo) de rejoindre la c\u00f4te bretonne pour y pr\u00eacher la parole divine. A cette \u00e9poque, la mer allait jusqu\u2019\u00e0 Dol.<br \/>\nLa seconde statue repr\u00e9sente le roi Nomino\u00eb qui, au 9\u00e8me si\u00e8cle, accompagn\u00e9 de ses troupes, sut tenir t\u00eate aux Francs de Charles le Chauve \u00e0 la bataille de Ballon en 845, et cr\u00e9a la nation bretonne. Il fut sacr\u00e9 roi \u00e0 la cath\u00e9drale de Dol en 848. Pour le po\u00e8te breton Th\u00e9odore Hersart de La Villemarqu\u00e9, il fut le plus grand roi que la Bretagne ait connu.<\/p>\n<p><strong>La cath\u00e9drale et son histoire<\/strong><br \/>\nLe moine gallois Saint-Samson arriva donc en Bretagne depuis le pays de Galles et fonda un monast\u00e8re. Il fit ensuite b\u00e2tir une cath\u00e9drale et devint le premier \u00e9v\u00eaque de Bretagne. En 1203, Jean <a href=\"http:\/\/www.jepars.ch\/magazine\/wp-content\/uploads\/2020\/11\/Dol_MG_9648.jpg\"><img loading=\"lazy\" decoding=\"async\" class=\"alignleft wp-image-18787\" style=\"margin: 10px 5px -10px 0px\" src=\"http:\/\/www.jepars.ch\/magazine\/wp-content\/uploads\/2020\/11\/Dol_MG_9648-455x303.jpg\" alt=\"Dol de Bretagne\" width=\"210\" height=\"140\" srcset=\"https:\/\/www.jepars.ch\/magazine\/wp-content\/uploads\/2020\/11\/Dol_MG_9648-455x303.jpg 455w, https:\/\/www.jepars.ch\/magazine\/wp-content\/uploads\/2020\/11\/Dol_MG_9648-150x100.jpg 150w, https:\/\/www.jepars.ch\/magazine\/wp-content\/uploads\/2020\/11\/Dol_MG_9648.jpg 1024w\" sizes=\"auto, (max-width: 210px) 100vw, 210px\" \/><\/a>sans Terre et les troupes anglaises arriv\u00e8rent \u00e0 Dol et br\u00fbl\u00e8rent la cath\u00e9drale. Pris de remords, mais aussi par superstition, il participa, apr\u00e8s-coup, financi\u00e8rement \u00e0 sa reconstruction. Lorsqu\u2019on fait face \u00e0 l\u2019entr\u00e9e de la cath\u00e9drale romane en granit du 14\u00e8me si\u00e8cle, on a l\u2019impression qu\u2019entre les deux tours la statue de Saint-Samson nous regarde. Si la tour de droite est compl\u00e8tement termin\u00e9e, celle de gauche est inachev\u00e9e. La l\u00e9gende dit que le diable se serait saisi d\u2019une pierre et l\u2019aurait lanc\u00e9e en direction de la cath\u00e9drale. Le caillou aurait heurt\u00e9 la tour. La v\u00e9rit\u00e9 est plut\u00f4t que c\u2019est le manque d\u2019argent qui aurait emp\u00each\u00e9 de l\u2019achever. A l\u2019int\u00e9rieur, on d\u00e9couvre un autel en terre cuite \u00e9maill\u00e9e sculpt\u00e9 sans moulage, ainsi que la verri\u00e8re la plus ancienne de Bretagne. Un vitrail d\u00e9crit la vie de Saint-Samson et son arriv\u00e9e en Bretagne. Dans la chapelle, le gisant du saint est pos\u00e9 sur l\u2019autel.\u00a0 Sur le c\u00f4t\u00e9 nord de la cath\u00e9drale, on remarque que celle-ci a \u00e9t\u00e9 construite comme une forteresse, ce qui indique qu\u2019elle a \u00e9t\u00e9 une partie int\u00e9grante des remparts et qu\u2019une de ses tours avait servi de tour de guet.<\/p>\n<p><strong>En ville<\/strong><br \/>\n\u00c0 la droite de la cath\u00e9drale, il faut s\u2019engouffrer dans la rue Ceinte. Son nom est d\u00fb \u00e0 ce que ses deux extr\u00e9mit\u00e9s \u00e9taient ferm\u00e9es pour interdire aux moines de s\u2019\u00e9chapper de l\u2019espace qui leur \u00e9tait r\u00e9serv\u00e9, \u00e0 savoir des maisons individuelles en granit qui jalonnent la rue. Les moines ne pouvaient que se rendre \u00e0 la cath\u00e9drale. La rue d\u00e9bouche sur la Grande-Rue des Stuarts. Son nom vient de ce que Dol est \u00e0 l\u2019origine de la dynastie des Stuarts. Au 10\u00e8me et au 11\u00e8me si\u00e8cle, Dol \u00e9tait r\u00e9gie par des <a href=\"http:\/\/www.jepars.ch\/magazine\/wp-content\/uploads\/2020\/11\/Dol_MG_9656.jpg\"><img loading=\"lazy\" decoding=\"async\" class=\"alignleft wp-image-18788\" style=\"margin: 10px 5px -10px 0px\" src=\"http:\/\/www.jepars.ch\/magazine\/wp-content\/uploads\/2020\/11\/Dol_MG_9656-455x303.jpg\" alt=\"Dol de Bretagne\" width=\"210\" height=\"140\" srcset=\"https:\/\/www.jepars.ch\/magazine\/wp-content\/uploads\/2020\/11\/Dol_MG_9656-455x303.jpg 455w, https:\/\/www.jepars.ch\/magazine\/wp-content\/uploads\/2020\/11\/Dol_MG_9656-150x100.jpg 150w, https:\/\/www.jepars.ch\/magazine\/wp-content\/uploads\/2020\/11\/Dol_MG_9656.jpg 1024w\" sizes=\"auto, (max-width: 210px) 100vw, 210px\" \/><\/a>s\u00e9n\u00e9chaux. Le s\u00e9n\u00e9chal de Dol fut recrut\u00e9 par le fils de Guillaume le Conqu\u00e9rant et partit \u00e0 la conqu\u00eate de l\u2019Angleterre pour s\u2019y installer. Il eut quatre fils dont l\u2019un d\u2019entre eux se lia d\u2019amiti\u00e9 avec le roi d\u2019Ecosse David 1er. Il \u00e9pousera \u00a0Marjorie Bruce, princesse d\u2019Ecosse et fille de Bruce 1er, dont elle eut un fils qui devint Robert II, roi d\u2019Ecosse. Le s\u00e9n\u00e9chal de Dol fut nomm\u00e9, pour services rendus dans des batailles, Grand Intendant d\u2019Ecosse (High Stewart of Scotland) et utilisera le nom de Stuart comme nom de la dynastie. Cela revient \u00e0 dire que l\u2019arri\u00e8re-grand-p\u00e8re du premier des Stuarts \u00e9tait dolois. Une plaque de marbre appos\u00e9e par l\u2019alliance France-Ecosse sur la place de l\u2019h\u00f4tel de ville rappelle cette origine.<br \/>\nSur la m\u00eame art\u00e8re se trouve une superbe maison datant du 11\u00e8me si\u00e8cle et portant le nom de Maison des Petits Palais et ses trois arcades en plein cintre, inscrite aux monuments historiques. C\u2019est la plus ancienne de Bretagne en pierre de taille. Elle date des invasions normandes.<\/p>\n<p><strong>Dans les environs<\/strong><br \/>\n<a href=\"http:\/\/www.jepars.ch\/magazine\/wp-content\/uploads\/2020\/11\/FortDuGesclin_MG_9606.jpg\"><img loading=\"lazy\" decoding=\"async\" class=\"alignleft wp-image-18790\" style=\"margin: 10px 5px -10px 0px\" src=\"http:\/\/www.jepars.ch\/magazine\/wp-content\/uploads\/2020\/11\/FortDuGesclin_MG_9606-455x303.jpg\" alt=\"FortDuGesclin_Dol de Bretagne\" width=\"210\" height=\"140\" srcset=\"https:\/\/www.jepars.ch\/magazine\/wp-content\/uploads\/2020\/11\/FortDuGesclin_MG_9606-455x303.jpg 455w, https:\/\/www.jepars.ch\/magazine\/wp-content\/uploads\/2020\/11\/FortDuGesclin_MG_9606-150x100.jpg 150w, https:\/\/www.jepars.ch\/magazine\/wp-content\/uploads\/2020\/11\/FortDuGesclin_MG_9606.jpg 1024w\" sizes=\"auto, (max-width: 210px) 100vw, 210px\" \/><\/a>En allant jusqu\u2019\u00e0 la c\u00f4te vers le nord, il faut aller voir, sur l\u2019\u00eele de Saint-Coulomb, le ch\u00e2teau fort du Guesclin qui a appartenu \u00e0 la famille du conn\u00e9table, \u00e0 qui on doit la d\u00e9fense du Mont Saint-Michel contre les Anglais. La famille du Guesclin le quitta en 1259 et le fort connut par la suite plusieurs propri\u00e9taires, dont le chanteur L\u00e9o Ferr\u00e9 qui l\u2019habitat de 1960 \u00e0 1968.<br \/>\nSur les bords de la Rance, le village de Saint-Suliac (compagnon de Saint-Samson), class\u00e9 parmi les plus beaux villages de France, offre, outre ses maisons typiques de granit, son port d\u2019o\u00f9 partaient encore il y a peu de temps les derniers terre-neuvas, valeureux p\u00eacheurs \u00e0 la morue au large de Terre-Neuve (Canada).<br \/>\n<a href=\"http:\/\/www.jepars.ch\/magazine\/wp-content\/uploads\/2020\/11\/SaintSuliac_MG_9562-.jpg\"><img loading=\"lazy\" decoding=\"async\" class=\"alignnone size-medium wp-image-18792\" src=\"http:\/\/www.jepars.ch\/magazine\/wp-content\/uploads\/2020\/11\/SaintSuliac_MG_9562--455x303.jpg\" alt=\"SaintSuliac_Dol de Bretagne\" width=\"455\" height=\"303\" srcset=\"https:\/\/www.jepars.ch\/magazine\/wp-content\/uploads\/2020\/11\/SaintSuliac_MG_9562--455x303.jpg 455w, https:\/\/www.jepars.ch\/magazine\/wp-content\/uploads\/2020\/11\/SaintSuliac_MG_9562--150x100.jpg 150w, https:\/\/www.jepars.ch\/magazine\/wp-content\/uploads\/2020\/11\/SaintSuliac_MG_9562-.jpg 1024w\" sizes=\"auto, (max-width: 455px) 100vw, 455px\" \/><\/a><br \/>\n<strong>Pardon de Saint-Samson<\/strong><br \/>\nLes pardons bretons sont des c\u00e9l\u00e9brations religieuses souvent d\u00e9di\u00e9s \u00a0\u00e0 la m\u00e9moire d\u2019un saint breton. A Dol, c\u2019est bien s\u00fbr celui de Saint Samson, l\u2019un des plus authentiques de Bretagne, le dernier dimanche de juillet. Il commence par une c\u00e9l\u00e9bration \u00e0 la cath\u00e9drale avec l\u2019\u00e9v\u00eaque de Dol et le bagad An Anternoz avec ses binious et bombardes, suivi par un cort\u00e8ge religieux portant une statue de Saint-Samson, et d\u2019autres bagads de la r\u00e9gion et des danseurs et danseuses en costumes traditionnels. Dans l\u2019apr\u00e8s-midi, des estrades sont dress\u00e9es et des cercles celtiques venus de divers localit\u00e9s de Bretagne produisent des danses jusqu\u2019en soir\u00e9e. La journ\u00e9e s\u2019ach\u00e8ve par un d\u00e9fil\u00e9 de plusieurs milliers de sonneurs qui jouent ensemble le m\u00eame morceau.<\/p>\n<p>Texte et photos <strong>G\u00e9rard Blanc, <\/strong>sauf photo 2 (danse folklorique) : <strong>Office du tourisme, Dol-de-Bretagne<\/strong><\/p>\n<p>Cet article a \u00e9galement \u00e9t\u00e9 publi\u00e9 dans le quotidien <em>La Libert\u00e9<\/em><\/p>\n<h3><\/h3>\n<h3><span style=\"color: #ff0000\">Informations pratiques<\/span><\/h3>\n<h5><span style=\"color: #ff0000\">Y aller<\/span><\/h5>\n<p>En train\u00a0: TGV Suisse-Paris-Rennes ou Saint-Malo puis Dol de Bretagne<br \/>\nAvion\u00a0: Aucun gain de temps si on compte le trajet vers Gen\u00e8ve, le vol vers Rennes via Paris ou Amsterdam, le trajet Rennes-Dol, les attentes, les transits et les pr\u00e9sentations \u00e0 l\u2019avance aux a\u00e9roport<\/p>\n<h5><span style=\"color: #ff0000\">Manger<\/span><\/h5>\n<p>Le Porche au pain, la Table ronde<\/p>\n<h5><span style=\"color: #ff0000\">Dormir<\/span><\/h5>\n<p>H\u00f4tel de Bretagne, Manoir de Belle-No\u00eb<\/p>\n<h5><span style=\"color: #ff0000\">A voir encore \u00e0 Dol<\/span><\/h5>\n<p>Le Mus\u00e9e Cath\u00e9draloscope, sur le th\u00e8me des b\u00e2tisseurs des b\u00e2tisseurs de cath\u00e9drales<\/p>\n<p>&nbsp;<\/p>\n","protected":false},"excerpt":{"rendered":"<p>ok<\/p>\n","protected":false},"author":3,"featured_media":18789,"comment_status":"open","ping_status":"closed","sticky":false,"template":"","format":"standard","meta":{"ngg_post_thumbnail":0,"footnotes":""},"categories":[7,58,12],"tags":[7862,739,7868,8630,9535,8633,8632,8634,8631,9616],"class_list":["post-18763","post","type-post","status-publish","format-standard","has-post-thumbnail","hentry","category-europe","category-france-europe","category-aladecouverte","tag-atout-france","tag-bretagne","tag-cap-frehel","tag-dol-de-bretagne","tag-france-europe","tag-guillaume-le-conquerant","tag-nominoe","tag-pardon","tag-saint-samson","tag-tourisme"],"wps_subtitle":"JE PARS \u00c0 LA D\u00c9COUVERTE","_links":{"self":[{"href":"https:\/\/www.jepars.ch\/magazine\/wp-json\/wp\/v2\/posts\/18763","targetHints":{"allow":["GET"]}}],"collection":[{"href":"https:\/\/www.jepars.ch\/magazine\/wp-json\/wp\/v2\/posts"}],"about":[{"href":"https:\/\/www.jepars.ch\/magazine\/wp-json\/wp\/v2\/types\/post"}],"author":[{"embeddable":true,"href":"https:\/\/www.jepars.ch\/magazine\/wp-json\/wp\/v2\/users\/3"}],"replies":[{"embeddable":true,"href":"https:\/\/www.jepars.ch\/magazine\/wp-json\/wp\/v2\/comments?post=18763"}],"version-history":[{"count":11,"href":"https:\/\/www.jepars.ch\/magazine\/wp-json\/wp\/v2\/posts\/18763\/revisions"}],"predecessor-version":[{"id":20715,"href":"https:\/\/www.jepars.ch\/magazine\/wp-json\/wp\/v2\/posts\/18763\/revisions\/20715"}],"wp:featuredmedia":[{"embeddable":true,"href":"https:\/\/www.jepars.ch\/magazine\/wp-json\/wp\/v2\/media\/18789"}],"wp:attachment":[{"href":"https:\/\/www.jepars.ch\/magazine\/wp-json\/wp\/v2\/media?parent=18763"}],"wp:term":[{"taxonomy":"category","embeddable":true,"href":"https:\/\/www.jepars.ch\/magazine\/wp-json\/wp\/v2\/categories?post=18763"},{"taxonomy":"post_tag","embeddable":true,"href":"https:\/\/www.jepars.ch\/magazine\/wp-json\/wp\/v2\/tags?post=18763"}],"curies":[{"name":"wp","href":"https:\/\/api.w.org\/{rel}","templated":true}]}}