{"id":18739,"date":"2020-10-31T18:46:45","date_gmt":"2020-10-31T17:46:45","guid":{"rendered":"http:\/\/www.jepars.ch\/magazine\/?p=18739"},"modified":"2020-11-01T13:40:31","modified_gmt":"2020-11-01T12:40:31","slug":"covid-et-corona-on-aura-tout-vu","status":"publish","type":"post","link":"https:\/\/www.jepars.ch\/magazine\/covid-et-corona-on-aura-tout-vu\/","title":{"rendered":"Covid et Corona : On aura tout vu !!!"},"content":{"rendered":"<p>L\u2019\u00e9t\u00e9 dernier, la williamine valaisanne Morand avait mis sur le march\u00e9 un gel hydro alcoolique\u00a0 au parfum de poire. Tout est bon pour le business, n\u2019est-il pas\u00a0?<\/p>\n<p>Peut-\u00eatre d\u2019autres initiatives du genre marketing ont-elles \u00e9t\u00e9 entreprises, mais il en est une qui fait bien sourire\u00a0: La compagnie a\u00e9rienne Aeromexico vient de passer un accord avec le groupe Modelo, brasseur de la c\u00e9l\u00e8bre bi\u00e8re mexicaine Corona.\u00a0!<\/p>\n<p>Modelo affirme que le gel hydro alcoolique \u00e0 base de bi\u00e8re r\u00e9pond \u00e0 une concentration d\u2019alcool de 70% requis selon les normes impos\u00e9es.<\/p>\n<p>Cette sortie publicitaire aurait, para\u00eet-il, \u00e9t\u00e9 une ultime d\u00e9marche pour redorer son blason, apr\u00e8s de multiples moqueries sur les r\u00e9seaux sociaux par rapport \u00e0 son nom assimil\u00e9 \u00e0 la propagation du virus. on relevait des quolibets du genre :&#8221;avec la bi\u00e8re Corona, t&#8217;est s\u00fbr d&#8217;attraper le virus!&#8221;<\/p>\n<p>Suivant cette d\u00e9claration, Aeromexico a command\u00e9 \u00e0 Corona environ 5 millions de sachets et 15&#8217;000 flacons de gel antibact\u00e9riens \u00e0 destination de son personnel et de ses passagers.<\/p>\n","protected":false},"excerpt":{"rendered":"<p>L\u2019\u00e9t\u00e9 dernier, la williamine valaisanne Morand avait mis sur le march\u00e9 un gel hydro alcoolique  au parfum de poire. Tout est bon pour le business, n\u2019est-il pas ?<br \/>\nPeut-\u00eatre d\u2019autres initiatives du genre marketing ont-elles \u00e9t\u00e9 entreprises, mais il en est une qui fait bien sourire : La compagnie a\u00e9rienne A\u00e9romexico vient de passer un accord avec le groupe Modelo, brasseur de la c\u00e9l\u00e8bre bi\u00e8re mexicaine Corona. !<br \/>\nModelo affirme que le gel hydro alcoolique \u00e0 base de bi\u00e8re r\u00e9pond \u00e0 une concentration d\u2019alcool de 70% requis selon les normes impos\u00e9es.<br \/>\nCette sortie publicitaire aurait, para\u00eet-il, \u00e9t\u00e9 une ultime d\u00e9marche pour redorer son blason, apr\u00e8s de multiples moqueries sur les r\u00e9seaux sociaux par rapport \u00e0 son nom assimil\u00e9 \u00e0 la propagation du virus.<br \/>\nSuivant cette d\u00e9claration, A\u00e9romexico a command\u00e9 \u00e0 Corona environ 5 millions de sachets et 15&#8217;000 flacons de gel antibact\u00e9riens \u00e0 destination de son personnel et de ses passagers.<\/p>\n","protected":false},"author":3,"featured_media":0,"comment_status":"open","ping_status":"closed","sticky":false,"template":"","format":"standard","meta":{"ngg_post_thumbnail":0,"footnotes":""},"categories":[51],"tags":[7479,7418,8590,8527,8592,8591],"class_list":["post-18739","post","type-post","status-publish","format-standard","hentry","category-breves","tag-aeromexico","tag-biere","tag-corobna","tag-covid","tag-gel","tag-hydroalcoolique"],"wps_subtitle":"Br\u00e8ves","_links":{"self":[{"href":"https:\/\/www.jepars.ch\/magazine\/wp-json\/wp\/v2\/posts\/18739","targetHints":{"allow":["GET"]}}],"collection":[{"href":"https:\/\/www.jepars.ch\/magazine\/wp-json\/wp\/v2\/posts"}],"about":[{"href":"https:\/\/www.jepars.ch\/magazine\/wp-json\/wp\/v2\/types\/post"}],"author":[{"embeddable":true,"href":"https:\/\/www.jepars.ch\/magazine\/wp-json\/wp\/v2\/users\/3"}],"replies":[{"embeddable":true,"href":"https:\/\/www.jepars.ch\/magazine\/wp-json\/wp\/v2\/comments?post=18739"}],"version-history":[{"count":4,"href":"https:\/\/www.jepars.ch\/magazine\/wp-json\/wp\/v2\/posts\/18739\/revisions"}],"predecessor-version":[{"id":18745,"href":"https:\/\/www.jepars.ch\/magazine\/wp-json\/wp\/v2\/posts\/18739\/revisions\/18745"}],"wp:attachment":[{"href":"https:\/\/www.jepars.ch\/magazine\/wp-json\/wp\/v2\/media?parent=18739"}],"wp:term":[{"taxonomy":"category","embeddable":true,"href":"https:\/\/www.jepars.ch\/magazine\/wp-json\/wp\/v2\/categories?post=18739"},{"taxonomy":"post_tag","embeddable":true,"href":"https:\/\/www.jepars.ch\/magazine\/wp-json\/wp\/v2\/tags?post=18739"}],"curies":[{"name":"wp","href":"https:\/\/api.w.org\/{rel}","templated":true}]}}