{"id":18330,"date":"2024-09-07T00:00:00","date_gmt":"2024-09-06T23:00:00","guid":{"rendered":"http:\/\/www.jepars.ch\/magazine\/?p=18330"},"modified":"2024-09-08T08:07:43","modified_gmt":"2024-09-08T07:07:43","slug":"la-gomera-la-plus-authentique-des-canaries","status":"publish","type":"post","link":"https:\/\/www.jepars.ch\/magazine\/la-gomera-la-plus-authentique-des-canaries\/","title":{"rendered":"La Gomera, la plus authentique des Canaries"},"content":{"rendered":"<p>Au sud-ouest de Tenerife, l&#8217;\u00eele de La Gomera peut \u00eatre consid\u00e9r\u00e9e comme la plus sauvage et la plus pr\u00e9serv\u00e9e de l&#8217;archipel des Canaries. Volcanique comme ses soeurs, elle n&#8217;attire gu\u00e8re que des touristes venus d\u00e9couvrir les charmes de la flore et de la faune du parc naturel de Garajonay. Les plages n&#8217;y sont pas l\u00e9gion et le littoral le plus souvent fait de falaises abruptes.<\/p>\n<p><a href=\"http:\/\/www.jepars.ch\/magazine\/wp-content\/uploads\/2020\/04\/JEPCanyon-de-Chelly_20200408_0013.jpg\"><img loading=\"lazy\" decoding=\"async\" class=\"alignleft wp-image-18402\" style=\"margin: 7px 10px -10px 0px\" src=\"http:\/\/www.jepars.ch\/magazine\/wp-content\/uploads\/2020\/04\/JEPCanyon-de-Chelly_20200408_0013-455x681.jpg\" alt=\"LaGomera\" width=\"210\" height=\"314\" srcset=\"https:\/\/www.jepars.ch\/magazine\/wp-content\/uploads\/2020\/04\/JEPCanyon-de-Chelly_20200408_0013-455x681.jpg 455w, https:\/\/www.jepars.ch\/magazine\/wp-content\/uploads\/2020\/04\/JEPCanyon-de-Chelly_20200408_0013.jpg 684w\" sizes=\"auto, (max-width: 210px) 100vw, 210px\" \/><\/a>C&#8217;est sur La Gomera que Christophe Colomb jeta l&#8217;ancre pour faire le plein d&#8217;eau douce et de vivres avant la travers\u00e9e de l&#8217;Atlantique, mais aussi pour y courtiser l&#8217;\u00e9pouse du gouverneur qui \u00e9tait fort belle. Nul surprise donc que plusieurs bistrots de la capitale San Sebastian portent son nom et que la maison o\u00f9 il v\u00e9cut \u00e9voque les exploits du grand navigateur. La Gomera, d&#8217;origine volcanique comme les autres \u00eeles des Canaries est parsem\u00e9e de pitons rocheux appel\u00e9s &#8220;roques&#8221;, qui culminent parfois jusqu&#8217;\u00e0 1500 m\u00e8tres, et sont d&#8217;anciennes chemin\u00e9es de lave. Le paysage pittoresque n&#8217;est fait que de pics pointus et de vall\u00e9es encaiss\u00e9es, sur les versants desquelles ont \u00e9t\u00e9 am\u00e9nag\u00e9es des terrasses. On y cultive des fruits et des l\u00e9gumes. Des maisons paysannes aux toits de tuiles rondes ou des maisons coloniales peintes de couleurs vives y forment des hameaux et villages ruraux, dont les plus pittoresques sont ceux de Cercado, Vallehermoso, Hermigua et El Cedro.<\/p>\n<p><strong>La capitale<\/strong><br \/>\nOutre son port de plaisance et de p\u00eache, San Sebastian de La Gomera poss\u00e8de quelques tr\u00e9sors en vieilles maisons coloniales aux balcons de bois sculpt\u00e9. Les nec plus ultra sont la charmante \u00e9glise de l&#8217;Azunci\u00f2n et la tour du Conde, seul souvenir de l&#8217;architecture militaire des conquistadores du 16\u00e8me si\u00e8cle.<\/p>\n<p><strong><a href=\"http:\/\/www.jepars.ch\/magazine\/wp-content\/uploads\/2020\/04\/JEPCanyon-de-Chelly_20200408_0002.jpg\"><img loading=\"lazy\" decoding=\"async\" class=\"alignleft wp-image-18398\" style=\"margin: 7px 10px -10px 0px\" src=\"http:\/\/www.jepars.ch\/magazine\/wp-content\/uploads\/2020\/04\/JEPCanyon-de-Chelly_20200408_0002-455x686.jpg\" alt=\"LaGomera\" width=\"210\" height=\"317\" srcset=\"https:\/\/www.jepars.ch\/magazine\/wp-content\/uploads\/2020\/04\/JEPCanyon-de-Chelly_20200408_0002-455x686.jpg 455w, https:\/\/www.jepars.ch\/magazine\/wp-content\/uploads\/2020\/04\/JEPCanyon-de-Chelly_20200408_0002.jpg 679w\" sizes=\"auto, (max-width: 210px) 100vw, 210px\" \/><\/a>Le parc de Garajonay<\/strong><br \/>\nCe parc national prot\u00e9g\u00e9 d&#8217;une superficie de 4&#8217;000 hectares occupe une grande partie du centre de l&#8217;\u00eele. Il comprend un haut plateau, couvert le plus souvent de nuages amen\u00e9s par les aliz\u00e9s, ce qui lui conf\u00e8re une temp\u00e9rature avoisinant les 20 degr\u00e9s toute l&#8217;ann\u00e9e. Ce plateau abrite une grande for\u00eat de lauriers, similaire aux for\u00eats tropicales humides des tropiques. On y trouve environ 20 esp\u00e8ces d&#8217;arbres end\u00e9miques.<\/p>\n<p><strong>Les grandes orgues<\/strong><br \/>\nVisibles uniquement depuis la mer, sur la c\u00f4te occidentale, les grandes orgues basaltiques de La Gomera sont aussi spectaculaires que celles de la Chauss\u00e9e des g\u00e9ants en Irlande.<\/p>\n<p><strong>Les champions du sifflet<\/strong><br \/>\nA l&#8217;instar de Tenerife, La Gomera \u00e9tait \u00e0 l&#8217;origine peupl\u00e9e de ceux qu&#8217;on appelait &#8220;les Guenches&#8221;, descendants des Berb\u00e8res d&#8217;Afrique du Nord. Paysans par essence, les habitants de La Gomera se contentent pour la plupart de l&#8217;\u00e9levage des ch\u00e8vres, de leur jardin potager et de la p\u00eache. Ils perp\u00e9tuent une coutume bien insolite qui est celle de communiquer d&#8217;une montagne \u00e0 l&#8217;autre en sifflant. Afin de perp\u00e9tuer cette tradition, certaines \u00e9coles de San Sebastian rendent obligatoire l&#8217;apprentissage de l&#8217;art du sifflement.<\/p>\n<p>Texte et photos <strong>G\u00e9rard Blanc<\/strong><\/p>\n<h3><span style=\"color: #ff0000\">Infos pratiques<\/span><\/h3>\n<h5><span style=\"color: #ff0000\">Renseignements<\/span><\/h5>\n<p>www.spain.info\/fr<\/p>\n<p>&nbsp;<\/p>\n<h5><span style=\"color: #ff0000\"><a href=\"http:\/\/www.jepars.ch\/magazine\/wp-content\/uploads\/2020\/04\/JEPCanyon-de-Chelly_20200408_0004.jpg\"><img loading=\"lazy\" decoding=\"async\" class=\"alignleft wp-image-18399\" style=\"margin: 3px 10px -5px 0px\" src=\"http:\/\/www.jepars.ch\/magazine\/wp-content\/uploads\/2020\/04\/JEPCanyon-de-Chelly_20200408_0004-455x687.jpg\" alt=\"LaGomera\" width=\"210\" height=\"317\" srcset=\"https:\/\/www.jepars.ch\/magazine\/wp-content\/uploads\/2020\/04\/JEPCanyon-de-Chelly_20200408_0004-455x687.jpg 455w, https:\/\/www.jepars.ch\/magazine\/wp-content\/uploads\/2020\/04\/JEPCanyon-de-Chelly_20200408_0004.jpg 678w\" sizes=\"auto, (max-width: 210px) 100vw, 210px\" \/><\/a><\/span><\/h5>\n<h5><span style=\"color: #ff0000\">Climat<\/span><\/h5>\n<p>Agr\u00e9able toute l\u2019ann\u00e9e tout en \u00e9tant rarement trop chaud : la journ\u00e9e, il fait en moyenne 21\u00b0C au c\u0153ur de l\u2019hiver (janvier-f\u00e9vrier), 22 \u00e0 25\u00b0C pendant les intersaisons et jusqu\u2019\u00e0 28-29\u00b0C en plein \u00e9t\u00e9 (juillet-septembre)..<\/p>\n<h5><span style=\"color: #ff0000\">Loger<\/span><\/h5>\n<p>L&#8217;\u00eele regorge de locations de vacances\u00a0 et de logements chez l\u2019habitant. C\u00f4t\u00e9 h\u00f4tels\u00a0: La Colombina, Torre del Conde, Gran Rey.<\/p>\n<h5><span style=\"color: #ff0000\">Bistrots, restaurants<\/span><\/h5>\n<p>\u00e0gApe bistrot, El Coco Loco, Parador La Gonmera, et, en montagne, la Chalana.<\/p>\n<h5><span style=\"color: #ff0000\"><br \/>\nA faire sur place<\/span><\/h5>\n<p>Observation des baleines<\/p>\n","protected":false},"excerpt":{"rendered":"<p>ok<\/p>\n","protected":false},"author":3,"featured_media":18400,"comment_status":"open","ping_status":"closed","sticky":false,"template":"","format":"standard","meta":{"ngg_post_thumbnail":0,"footnotes":""},"categories":[76,7,12],"tags":[6207,2430,8278,8277,8280,9553,8279,8276,1397],"class_list":["post-18330","post","type-post","status-publish","format-standard","has-post-thumbnail","hentry","category-espagne","category-europe","category-aladecouverte","tag-atlantique","tag-canaries","tag-cercado","tag-christophe-colomb","tag-el-cedro","tag-espagne","tag-hermigua","tag-lagomera","tag-tenerife"],"wps_subtitle":"JE PARS \u00c0 LA D\u00c9COUVERTE","_links":{"self":[{"href":"https:\/\/www.jepars.ch\/magazine\/wp-json\/wp\/v2\/posts\/18330","targetHints":{"allow":["GET"]}}],"collection":[{"href":"https:\/\/www.jepars.ch\/magazine\/wp-json\/wp\/v2\/posts"}],"about":[{"href":"https:\/\/www.jepars.ch\/magazine\/wp-json\/wp\/v2\/types\/post"}],"author":[{"embeddable":true,"href":"https:\/\/www.jepars.ch\/magazine\/wp-json\/wp\/v2\/users\/3"}],"replies":[{"embeddable":true,"href":"https:\/\/www.jepars.ch\/magazine\/wp-json\/wp\/v2\/comments?post=18330"}],"version-history":[{"count":12,"href":"https:\/\/www.jepars.ch\/magazine\/wp-json\/wp\/v2\/posts\/18330\/revisions"}],"predecessor-version":[{"id":18455,"href":"https:\/\/www.jepars.ch\/magazine\/wp-json\/wp\/v2\/posts\/18330\/revisions\/18455"}],"wp:featuredmedia":[{"embeddable":true,"href":"https:\/\/www.jepars.ch\/magazine\/wp-json\/wp\/v2\/media\/18400"}],"wp:attachment":[{"href":"https:\/\/www.jepars.ch\/magazine\/wp-json\/wp\/v2\/media?parent=18330"}],"wp:term":[{"taxonomy":"category","embeddable":true,"href":"https:\/\/www.jepars.ch\/magazine\/wp-json\/wp\/v2\/categories?post=18330"},{"taxonomy":"post_tag","embeddable":true,"href":"https:\/\/www.jepars.ch\/magazine\/wp-json\/wp\/v2\/tags?post=18330"}],"curies":[{"name":"wp","href":"https:\/\/api.w.org\/{rel}","templated":true}]}}