{"id":17678,"date":"2019-08-16T20:09:13","date_gmt":"2019-08-16T19:09:13","guid":{"rendered":"http:\/\/www.jepars.ch\/magazine\/?p=17678"},"modified":"2019-08-16T20:09:35","modified_gmt":"2019-08-16T19:09:35","slug":"ryanair-10eme-plus-grand-pollueur-deurope-2","status":"publish","type":"post","link":"https:\/\/www.jepars.ch\/magazine\/ryanair-10eme-plus-grand-pollueur-deurope-2\/","title":{"rendered":"Ryanair, 10\u00e8me plus grand pollueur d\u2019Europe"},"content":{"rendered":"<p>Ryanair voudrait se pr\u00e9senter comme la compagnie a\u00e9rienne la plus \u00e9cologique d\u2019Europe. Il faut\u00a0 malheureusement constater qu\u2019il s\u2019agit d\u2019une autre esbroufe, dont le PDG Michael O\u2019Leary est le sp\u00e9cialiste. En avril 2019, le quotidien britannique The Guardian, en s\u2019appuyant sur les chiffres de la Commission europ\u00e9enne, non seulement contrecarrait cette d\u00e9claration, mais\u00a0 r\u00e9v\u00e9lait que le transporteur irlandais occupait la 10\u00e8me place des entreprises les plus polluantes d\u2019Europe, sans pourtant \u00eatre une centrale thermique \u00e0 charbon,\u00a0 comme les autres entreprises figurant \u00e0 ce triste palmar\u00e8s, \u00a0situ\u00e9es en Allemagne, en Pologne et en Bulgarie.<\/p>\n<p>Selon l\u2019article, Ryanair a rejet\u00e9 9,9 m\u00e9gatonnes de CO2 \u00a0en 2018. Andrew Murphy, directeur de l\u2019aviation au sein de l\u2019ONG de la F\u00e9d\u00e9ration europ\u00e9enne pour le transport et l&#8217;environnement, d\u00e9plore la permissivit\u00e9 des autorit\u00e9s envers les compagnies a\u00e9riennes en mati\u00e8re de pollution.<\/p>\n<p>The Guardian r\u00e9v\u00e8le que les \u00e9missions des compagnies a\u00e9riennes ont augment\u00e9 leurs \u00e9missions de CO2\u00a0 de 26,3% depuis 2014. EasyJet (31e du classement), Lufhansa, Norwegian et British Airlines sont \u00e9galement point\u00e9s du doigt.<\/p>\n<p>La baisse des tarifs a\u00e9rien engendr\u00e9e par le ph\u00e9nom\u00e8ne lowcost se r\u00e9v\u00e8le come un ph\u00e9nom\u00e8ne acc\u00e9l\u00e9rateur qui, outre le facteur CO2, engendre dans certaines villes une surpopulation touristique.<\/p>\n<p>Le nombre de passagers transport\u00e9s dans l&#8217;Union europ\u00e9enne est pass\u00e9 de 840 millions \u00e0 plus d&#8217;un milliard et cette tendance est exponentielle. \u00a0En octobre 2018, l&#8217;Association internationale du transport a\u00e9rien (IATA) estimait que le trafic a\u00e9rien mondial serait de 8,2 milliards de passagers transport\u00e9s en 2037, comparativement \u00e0 4,1 milliards en 2017.<\/p>\n<p>Les sp\u00e9cialistes de l\u2019aviation de l\u2019ONG Action climat constatent par ailleurs que l\u2019une des composantes non n\u00e9gligeables de cette augmentation de trafic est la tendance de Ryanair \u00e0 n\u00e9gocier avec les autorit\u00e9s locales de s\u2019imposer aupr\u00e8s des chambres de commerces locales pour l\u2019ouverture de petits a\u00e9roports subventionn\u00e9s par les\u00a0 deniers publics.<\/p>\n<p>L\u2019ONG d\u00e9plore aussi \u00a0que \u00a0les compagnies a\u00e9riennes ne soient pas soumises aux m\u00eames contraintes en ce qui concerne la r\u00e9duction de gaz \u00e0 effet de serre, contrairement au secteur automobile, ultra-r\u00e9glement\u00e9. Ainsi, le projet Corsia, r\u00e9cemment adopt\u00e9 par l&#8217;Organisation de l&#8217;aviation civile internationale, ne vise pas la r\u00e9duction des gaz \u00e0 effets de serre, mais met en place un syst\u00e8me de compensation du carbone \u00e9mis, sorte de \u00ab\u00a0droit \u00e0 polluer\u00a0\u00bb pour les compagnies, accord\u00e9 si celles-ci financent des projets \u00e9cologiques.<\/p>\n<p>&nbsp;<\/p>\n<p>Sources\u00a0: The Guardian\/LeParisien\/France24\/Capital.fr<\/p>\n","protected":false},"excerpt":{"rendered":"<p>Ryanair voudrait se pr\u00e9senter comme la compagnie a\u00e9rienne la plus \u00e9cologique d\u2019Europe. Il faut  malheureusement constater qu\u2019il s\u2019agit d\u2019une autre esbroufe, dont le PDG Michael O\u2019Leary est le sp\u00e9cialiste. En avril 2019, le quotidien britannique The Guardian, en s\u2019appuyant sur les chiffres de la Commission europ\u00e9enne, non seulement contrecarrait cette d\u00e9claration, mais  r\u00e9v\u00e9lait que le transporteur irlandais occupait la 10\u00e8me place des entreprises les plus polluantes d\u2019Europe, sans pourtant \u00eatre une centrale thermique \u00e0 charbon,  comme les autres entreprises figurant \u00e0 ce triste palmar\u00e8s,  situ\u00e9es en Allemagne, en Pologne et en Bulgarie.<\/p>\n","protected":false},"author":3,"featured_media":0,"comment_status":"open","ping_status":"closed","sticky":false,"template":"","format":"standard","meta":{"ngg_post_thumbnail":0,"footnotes":""},"categories":[51],"tags":[7982,2130,2735,1372,6582,1801,7968],"class_list":["post-17678","post","type-post","status-publish","format-standard","hentry","category-breves","tag-climat","tag-co2","tag-iata","tag-oaci","tag-pollution","tag-ryanair","tag-the-guardian"],"wps_subtitle":"BR\u00c8VES","_links":{"self":[{"href":"https:\/\/www.jepars.ch\/magazine\/wp-json\/wp\/v2\/posts\/17678","targetHints":{"allow":["GET"]}}],"collection":[{"href":"https:\/\/www.jepars.ch\/magazine\/wp-json\/wp\/v2\/posts"}],"about":[{"href":"https:\/\/www.jepars.ch\/magazine\/wp-json\/wp\/v2\/types\/post"}],"author":[{"embeddable":true,"href":"https:\/\/www.jepars.ch\/magazine\/wp-json\/wp\/v2\/users\/3"}],"replies":[{"embeddable":true,"href":"https:\/\/www.jepars.ch\/magazine\/wp-json\/wp\/v2\/comments?post=17678"}],"version-history":[{"count":1,"href":"https:\/\/www.jepars.ch\/magazine\/wp-json\/wp\/v2\/posts\/17678\/revisions"}],"predecessor-version":[{"id":17679,"href":"https:\/\/www.jepars.ch\/magazine\/wp-json\/wp\/v2\/posts\/17678\/revisions\/17679"}],"wp:attachment":[{"href":"https:\/\/www.jepars.ch\/magazine\/wp-json\/wp\/v2\/media?parent=17678"}],"wp:term":[{"taxonomy":"category","embeddable":true,"href":"https:\/\/www.jepars.ch\/magazine\/wp-json\/wp\/v2\/categories?post=17678"},{"taxonomy":"post_tag","embeddable":true,"href":"https:\/\/www.jepars.ch\/magazine\/wp-json\/wp\/v2\/tags?post=17678"}],"curies":[{"name":"wp","href":"https:\/\/api.w.org\/{rel}","templated":true}]}}