{"id":17250,"date":"2024-07-07T16:01:13","date_gmt":"2024-07-07T15:01:13","guid":{"rendered":"http:\/\/www.jepars.ch\/magazine\/?p=17250"},"modified":"2024-07-08T07:56:33","modified_gmt":"2024-07-08T06:56:33","slug":"cannes-touristique-silence-on-tourne","status":"publish","type":"post","link":"https:\/\/www.jepars.ch\/magazine\/cannes-touristique-silence-on-tourne\/","title":{"rendered":"Cannes touristique: silence on tourne !"},"content":{"rendered":"<p>Si elle ne peut renier la r\u00e9putation octroy\u00e9e par son festival du cin\u00e9ma, elle n\u2019en est pas moins une station baln\u00e9aire de la C\u00f4te d\u2019Azur avec ses grandes plages de sable, et offre d\u2019autres attraits m\u00e9connus, comme le quartier du Suquet ou les \u00eeles de L\u00e9rins qui lui font face.<\/p>\n<p>Toute bonne visite de Cannes commence par les All\u00e9es de la Libert\u00e9, proche du Palais des festivals, face au vieux port, l\u00e0 o\u00f9 tr\u00f4ne la statue du Lord Henry Brougham, grand chancelier britannique. Ce dernier, en 1834, souhaite se rendre en Italie avec sa fille El\u00e9onore-Louise pour l\u2019y faire soigner contre la tuberculose, et il trouve la fronti\u00e8re entre la France et l\u2019Italie ferm\u00e9e par le roi du Pi\u00e9mont par crainte de l\u2019\u00e9pid\u00e9mie du chol\u00e9ra qui s\u00e9vit dans le comt\u00e9 de Nice. Lord Brougham doit rebrousser chemin et s\u2019arr\u00eate au charmant petit village portuaire de Cannes, o\u00f9 il s\u00e9journe \u00e0 l&#8217;auberge de Ma\u00eetre Pinchemal, rue du Port, pendant quelques jours. Il a le coup de foudre pour cette bourgade qui, \u00e0 l\u2019\u00e9poque, n\u2019a que 4&#8217;000 habitants. Il ach\u00e8te un terrain \u00e0 la Croix-des-Gardes et y fait construire une grande maison, la villa \u00c9l\u00e9onore-Louise, pour recevoir ses amis britanniques qui ne vont pas tarder \u00e0 affluer.<br \/>\n<a href=\"http:\/\/www.jepars.ch\/magazine\/wp-content\/uploads\/2019\/03\/MG_9023.jpg\"><img loading=\"lazy\" decoding=\"async\" class=\"alignleft wp-image-17262\" style=\"margin: 7px 10px -10px 0px\" src=\"http:\/\/www.jepars.ch\/magazine\/wp-content\/uploads\/2019\/03\/MG_9023-455x303.jpg\" alt=\"H\u00f4tel Splendid \u00e0 Cannes\" width=\"225\" height=\"150\" srcset=\"https:\/\/www.jepars.ch\/magazine\/wp-content\/uploads\/2019\/03\/MG_9023-455x303.jpg 455w, https:\/\/www.jepars.ch\/magazine\/wp-content\/uploads\/2019\/03\/MG_9023-150x100.jpg 150w, https:\/\/www.jepars.ch\/magazine\/wp-content\/uploads\/2019\/03\/MG_9023.jpg 1024w\" sizes=\"auto, (max-width: 225px) 100vw, 225px\" \/><\/a>Ainsi commence la v\u00e9ritable histoire de Cannes qui devient alors la coqueluche de la noblesse britannique, principalement en hiver pour la douceur du climat. Et c\u2019est parti pour un essor \u00e9conomique qui transforme peu \u00e0 peu Cannes en une station baln\u00e9aire mondialement r\u00e9put\u00e9e. Il se d\u00e9veloppe alors toute une demande de services de jardiniers, de cuisiniers, de serviteurs, de nurses, de ma\u00e7ons, etc. Le personnel local devient vite d\u00e9bord\u00e9 et des nouveaux immigrants d\u00e9barquent, notamment du Pi\u00e9mont. La population devient un m\u00e9lange de Proven\u00e7aux et de Pi\u00e9montais qui vont se c\u00f4toyer, travailler ensemble et donner peu \u00e0 peu \u00e0 l\u2019agglom\u00e9ration la taille d\u2019une grande ville pour passer de 4\u2019000 habitants en 1834 \u00e0 plus de 75&#8217;000 aujourd\u2019hui.<br \/>\nSi la ville s\u2019\u00e9tend maintenant sur environ 20km2, son attrait serait plut\u00f4t concentr\u00e9 sur cet espace en forme de bicorne vu d\u2019avion qui serait d\u00e9limit\u00e9 par les boulevard Boualam, de la Lorraine et du G\u00e9n\u00e9ral Valentin avec la Croisette \u00e0 sa base, entre le Suquet \u00e0 l\u2019ouest et le port Pierre-Canto \u00e0 l\u2019est.<\/p>\n<p><a href=\"http:\/\/www.jepars.ch\/magazine\/wp-content\/uploads\/2019\/03\/IMG_9134.jpg\"><img loading=\"lazy\" decoding=\"async\" class=\"alignnone size-medium wp-image-17266\" src=\"http:\/\/www.jepars.ch\/magazine\/wp-content\/uploads\/2019\/03\/IMG_9134-455x303.jpg\" alt=\"Plage \u00e0 Cannes\" width=\"455\" height=\"303\" srcset=\"https:\/\/www.jepars.ch\/magazine\/wp-content\/uploads\/2019\/03\/IMG_9134-455x303.jpg 455w, https:\/\/www.jepars.ch\/magazine\/wp-content\/uploads\/2019\/03\/IMG_9134-150x100.jpg 150w, https:\/\/www.jepars.ch\/magazine\/wp-content\/uploads\/2019\/03\/IMG_9134.jpg 1024w\" sizes=\"auto, (max-width: 455px) 100vw, 455px\" \/><\/a><\/p>\n<p><strong>La Croisette et son cin\u00e9ma<\/strong><br \/>\nNul ne peut la manquer. Elle peut se targuer d\u2019avoir \u00e9t\u00e9 photographi\u00e9e des milliards de fois depuis 1946 \u00e0 l\u2019occasion du c\u00e9l\u00e8bre festival du cin\u00e9ma qui se d\u00e9roule au Palais des festivals chaque ann\u00e9e en mai. Cannes ne manque pas une occasion pour rappeler la cons\u00e9cration de ce festival ici et l\u00e0, sous forme d\u2019une quinzaine de fresques et autres \u00e9vocations diss\u00e9min\u00e9es dans la ville, o\u00f9 apparaissent les acteurs f\u00e9tiches et les grands r\u00e9alisateurs. Au pied du Palais des festivals, on trouve les empreintes dans le ciment des mains de Pedro Almodovar, Claudia Cardinale, Julie Andrews et bien d\u2019autres encore, preuves irr\u00e9futables de leur passage au festival. Les nostalgiques ne manqueront pas de faire un tour vers l\u2019escalier est pour voir les fameuses marches mille fois mont\u00e9es et descendues par les grands noms du cin\u00e9ma et sur lesquelles les congressistes, qui occupent le Palais des festivals pour d\u2019autres raisons, r\u00eavent parfois de les fouler en s\u2019imaginant, un instant, \u00eatre des stars, avec ou sans tapis rouge.<br \/>\n<a href=\"http:\/\/www.jepars.ch\/magazine\/wp-content\/uploads\/2019\/03\/MG_9137.jpg\"><img loading=\"lazy\" decoding=\"async\" class=\"alignleft wp-image-17264\" style=\"margin: 7px 10px -10px 0px\" src=\"http:\/\/www.jepars.ch\/magazine\/wp-content\/uploads\/2019\/03\/MG_9137-455x303.jpg\" alt=\"Cannes\" width=\"225\" height=\"150\" srcset=\"https:\/\/www.jepars.ch\/magazine\/wp-content\/uploads\/2019\/03\/MG_9137-455x303.jpg 455w, https:\/\/www.jepars.ch\/magazine\/wp-content\/uploads\/2019\/03\/MG_9137-150x100.jpg 150w, https:\/\/www.jepars.ch\/magazine\/wp-content\/uploads\/2019\/03\/MG_9137.jpg 1024w\" sizes=\"auto, (max-width: 225px) 100vw, 225px\" \/><\/a>La Croisette, o\u00f9 tant de starlettes ont inspir\u00e9 les paparazzis, est comme l\u2019axe principal de Cannes, bordant, c\u00f4t\u00e9 M\u00e9diterran\u00e9e, une plage g\u00e9ante qui, avec un apport de sable suppl\u00e9mentaire, a \u00e9t\u00e9 r\u00e9am\u00e9nag\u00e9e r\u00e9cemment pour le bonheur des estivants. C\u00f4t\u00e9 ville s\u2019alignent les grands palaces et les boutiques de marques mondiales, alliant la mode et les parfums. Mais Cannes ne s\u2019adresserait-elle qu\u2019aux gens fortun\u00e9s? Non, se d\u00e9fendent les Cannois, qui clament que les deux rues parall\u00e8les \u00e0 la Croisette, \u00e0 savoir la rue d\u2019Antibes et la rue Meynadier et leurs ruelles adjacentes vendent des produits \u00e0 des prix tout \u00e0 fait abordables pour des bourses moins garnies.<\/p>\n<p><strong><a href=\"http:\/\/www.jepars.ch\/magazine\/wp-content\/uploads\/2019\/03\/MG_9064.jpg\"><img loading=\"lazy\" decoding=\"async\" class=\"alignleft wp-image-17263\" style=\"margin: 7px 10px -10px 0px\" src=\"http:\/\/www.jepars.ch\/magazine\/wp-content\/uploads\/2019\/03\/MG_9064-455x303.jpg\" alt=\"Fa\u00e7ades \u00e0 Cannes\" width=\"225\" height=\"150\" srcset=\"https:\/\/www.jepars.ch\/magazine\/wp-content\/uploads\/2019\/03\/MG_9064-455x303.jpg 455w, https:\/\/www.jepars.ch\/magazine\/wp-content\/uploads\/2019\/03\/MG_9064-150x100.jpg 150w, https:\/\/www.jepars.ch\/magazine\/wp-content\/uploads\/2019\/03\/MG_9064.jpg 1024w\" sizes=\"auto, (max-width: 225px) 100vw, 225px\" \/><\/a>Le Suquet<\/strong><br \/>\nCe vieux quartier est l\u2019image d\u2019Epinal sur lequel ont \u00e9t\u00e9 appos\u00e9es des lettres grand format C.A.N.N.E.S \u00e0 la mani\u00e8re hollywoodienne et, c\u00f4te \u00e0 c\u00f4te, pointent le clocher de Notre-Dame d\u2019Esp\u00e9rance et, \u00e0 son c\u00f4t\u00e9, la tour du ch\u00e2teau de la Castre. Celle-ci a \u00e9t\u00e9 transform\u00e9e en mus\u00e9e, dont une pi\u00e8ce est consacr\u00e9e aux instruments de musique folkloriques et une autre \u00e0 des peintures permettant de comparer ce qu\u2019\u00e9tait Cannes avant et apr\u00e8s l\u2019arriv\u00e9e des visiteurs anglais au d\u00e9but du 19\u00e8me si\u00e8cle.<\/p>\n<blockquote><p><strong>Le Suquet des artistes<\/strong><br \/>\nSur la colline du quartier historique, il faut absolument visiter le Suquet des artistes, un mus\u00e9e d\u2019art plastique am\u00e9nag\u00e9 dans l\u2019ancienne morgue de Cannes, ayant pour objectif de promouvoir la cr\u00e9ation contemporaine. Sur environ 350 m2, quatre ateliers ont \u00e9t\u00e9 attribu\u00e9s \u00e0 des artistes cannois (Olivier Domin, Richard Ferri-Pisani, Gr\u00e9gory Berben et Olivia Paroldi) dans le but de consacrer cet espace \u00e0 la jeune cr\u00e9ation, dans l\u2019esprit d\u2019un laboratoire artistique. En p\u00e9n\u00e9trant, par exemple, dans l\u2019atelier de Richard Ferri-Pisani, on d\u00e9couvre un espace pr\u00e9sent\u00e9 volontairement comme un doux capharna\u00fcm, o\u00f9 s\u2019entassent p\u00eale-m\u00eale un disque Bobby Lapointe, des vieilles revues de cin\u00e9ma, des panneaux indicateurs, un livre de Picasso et, bien entendu, plein de tableaux irr\u00e9v\u00e9rencieux de l\u2019artiste dans un style rappelant celui d\u2019Andy Warrol, avec des attaques non d\u00e9guis\u00e9es des institutions am\u00e9ricaines comme, par exemple, la National Rifle Association.<\/p><\/blockquote>\n<p>Un bon acc\u00e8s au Suquet est celui par la rue Meynadier direction ouest, non sans avoir, au passage, fait un arr\u00eat au march\u00e9 authentiquement proven\u00e7al de Forville avec ses \u00e9tals de fruits, l\u00e9gumes et poissons, et son stand de vente de la c\u00e9l\u00e8bre socca. Depuis la place Bernard Cornut Gentille, on gravit ensuite des ruelles en pente rappelant celles du quartier du Panier \u00e0 Marseille en plus intime pour atteindre, en son sommet, une terrasse d\u2019o\u00f9 on b\u00e9n\u00e9ficie d\u2019une vue panoramique splendide sur les toits de la ville, la for\u00eat de m\u00e2ts du Vieux Port, l\u2019enfilade de la Croisette et, bien s\u00fbr, la grande bleue.<\/p>\n<p><em><span style=\"color: #999999\"><strong><a href=\"http:\/\/www.jepars.ch\/magazine\/wp-content\/uploads\/2019\/03\/IMG_9149.jpg\"><img loading=\"lazy\" decoding=\"async\" class=\"alignleft wp-image-17272\" style=\"margin: 7px 10px -10px 0px\" src=\"http:\/\/www.jepars.ch\/magazine\/wp-content\/uploads\/2019\/03\/IMG_9149-455x303.jpg\" alt=\"Iles Leirins Cannes\" width=\"225\" height=\"150\" srcset=\"https:\/\/www.jepars.ch\/magazine\/wp-content\/uploads\/2019\/03\/IMG_9149-455x303.jpg 455w, https:\/\/www.jepars.ch\/magazine\/wp-content\/uploads\/2019\/03\/IMG_9149-150x100.jpg 150w, https:\/\/www.jepars.ch\/magazine\/wp-content\/uploads\/2019\/03\/IMG_9149.jpg 1024w\" sizes=\"auto, (max-width: 225px) 100vw, 225px\" \/><\/a>Les \u00eeles de L\u00e9rins<\/strong><\/span><\/em><br \/>\n<em><span style=\"color: #999999\"> Face \u00e0 la pointe de la Croisette, souvent m\u00e9connues, elles m\u00e9ritent la d\u00e9couverte pour y faire des excursions d\u2019une journ\u00e9e depuis le Vieux Port. A mi-chemin entre l\u2019Italie et l\u2019Espagne, elles \u00e9taient sur les routes du commerce maritime depuis\u00a0 le 4\u00e8me si\u00e8cle avant J.C. En 410, apr\u00e8s J.C., un raz-de-mar\u00e9e les a d\u00e9vast\u00e9es et chass\u00e9 ses habitants vers le continent. Arrive alors le moine Honorat qui, selon la l\u00e9gende, r\u00e9duit les reptiles qui y ont prolif\u00e9r\u00e9, \u00e0 la pourriture. Il y installe\u00a0\u00a0 un monast\u00e8re b\u00e9n\u00e9dictin apr\u00e8s avoir \u00e9t\u00e9 b\u00e9atifi\u00e9. Saint-Honorat est aujourd\u2019hui une \u00eele appartenant \u00e0 des moines cisterciens avec 8 hectares de vignes qui produisent plus de 30&#8217;000 bouteilles par an. Elle est peut-\u00eatre la moins visit\u00e9e car les moines\u00a0 en limitent l\u2019entr\u00e9e. Nous passerons les multiples p\u00e9rip\u00e9ties de l\u2019Histoire pour nous arr\u00eater au d\u00e9but du 17\u00e8me si\u00e8cle o\u00f9, \u00e0 la demande du duc de Guise pour d\u00e9fendre l\u2019acc\u00e8s \u00e0 Cannes, on construisit le fort Royal qui sera ensuite am\u00e9nag\u00e9 en prison par Vauban. Ce fort est le clou de la visite de l\u2019\u00eele Sainte-Marguerite. On peut y visiter les cellules des prisonniers c\u00e9l\u00e8bres qui y ont s\u00e9journ\u00e9, comme l\u2019Homme au masque de fer, le gouverneur Saint-Mars, six pasteurs protestants lors de la R\u00e9vocation de l\u2019Edit de Nantes, ou encore la Smala d\u2019Abdel-Kader en 1843.<\/span><\/em><\/p>\n<p><strong>G\u00e9rard Blanc, texte et photos<\/strong><\/p>\n<h3><span style=\"color: #ff0000\">Infos pratiques<\/span><\/h3>\n<h5><span style=\"color: #ff0000\">Y aller<\/span><\/h5>\n<p>Vols Gen\u00e8ve-Nice avec easyJet ou Swiss.<\/p>\n<h5><span style=\"color: #ff0000\">Loger<\/span><\/h5>\n<p>H\u00f4tel Montaigne, H\u00f4tel Albert 1er, H\u00f4tel de Provence.<\/p>\n<h5><span style=\"color: #ff0000\">Bonnes tables<\/span><\/h5>\n<p>Le Riviera Beach, l\u2019Alba, la Brouette de grand-m\u00e8re, la Mirabelle (au Suquet).<\/p>\n<h5><span style=\"color: #ff0000\">Gourmandise<\/span><\/h5>\n<p>Prendre un go\u00fbter chez Charlotte Busset et ses p\u00e2tisseries maison.<\/p>\n","protected":false},"excerpt":{"rendered":"<p>ok<\/p>\n","protected":false},"author":3,"featured_media":17265,"comment_status":"open","ping_status":"closed","sticky":false,"template":"","format":"standard","meta":{"ngg_post_thumbnail":0,"footnotes":""},"categories":[7,58,12],"tags":[7755,7613,5700,7756,7758,6947,7752,7608,7760,7757,7753,7759],"class_list":["post-17250","post","type-post","status-publish","format-standard","has-post-thumbnail","hentry","category-europe","category-france-europe","category-aladecouverte","tag-brougham","tag-cannes","tag-cote-dazur","tag-croisette","tag-ferri-pisani","tag-festival","tag-forville","tag-french-riviera","tag-lerins","tag-palais","tag-suquet","tag-suquet-des-artistes"],"wps_subtitle":"JE PARS \u00c0 LA D\u00c9COUVERTE","_links":{"self":[{"href":"https:\/\/www.jepars.ch\/magazine\/wp-json\/wp\/v2\/posts\/17250","targetHints":{"allow":["GET"]}}],"collection":[{"href":"https:\/\/www.jepars.ch\/magazine\/wp-json\/wp\/v2\/posts"}],"about":[{"href":"https:\/\/www.jepars.ch\/magazine\/wp-json\/wp\/v2\/types\/post"}],"author":[{"embeddable":true,"href":"https:\/\/www.jepars.ch\/magazine\/wp-json\/wp\/v2\/users\/3"}],"replies":[{"embeddable":true,"href":"https:\/\/www.jepars.ch\/magazine\/wp-json\/wp\/v2\/comments?post=17250"}],"version-history":[{"count":13,"href":"https:\/\/www.jepars.ch\/magazine\/wp-json\/wp\/v2\/posts\/17250\/revisions"}],"predecessor-version":[{"id":20631,"href":"https:\/\/www.jepars.ch\/magazine\/wp-json\/wp\/v2\/posts\/17250\/revisions\/20631"}],"wp:featuredmedia":[{"embeddable":true,"href":"https:\/\/www.jepars.ch\/magazine\/wp-json\/wp\/v2\/media\/17265"}],"wp:attachment":[{"href":"https:\/\/www.jepars.ch\/magazine\/wp-json\/wp\/v2\/media?parent=17250"}],"wp:term":[{"taxonomy":"category","embeddable":true,"href":"https:\/\/www.jepars.ch\/magazine\/wp-json\/wp\/v2\/categories?post=17250"},{"taxonomy":"post_tag","embeddable":true,"href":"https:\/\/www.jepars.ch\/magazine\/wp-json\/wp\/v2\/tags?post=17250"}],"curies":[{"name":"wp","href":"https:\/\/api.w.org\/{rel}","templated":true}]}}