{"id":16734,"date":"2024-06-19T19:18:23","date_gmt":"2024-06-19T18:18:23","guid":{"rendered":"http:\/\/www.jepars.ch\/magazine\/?p=16734"},"modified":"2024-06-20T17:34:52","modified_gmt":"2024-06-20T16:34:52","slug":"la-bastille-le-paris-de-la-revolution-et-de-la-fete","status":"publish","type":"post","link":"https:\/\/www.jepars.ch\/magazine\/la-bastille-le-paris-de-la-revolution-et-de-la-fete\/","title":{"rendered":"La Bastille, le Paris de la r\u00e9volution et de la f\u00eate"},"content":{"rendered":"<p>Proche de la gare de Lyon \u00e0 Paris, le quartier de la Bastille d\u00e9voile des tr\u00e9sors d\u2019histoire, d\u2019anecdotes et, surtout, fourmille d\u2019endroits o\u00f9 faire la f\u00eate.<br \/>\n\u00ab\u00a0A la Bastille\u00a0!\u00a0\u00bb, fut \u00e0 la fois le mot d\u2019ordre des r\u00e9volutionnaires de 1789, mais aussi le titre d\u2019une c\u00e9l\u00e8bre chanson \u00e9crite par Aristide Bruant (qui ne l\u2019a pas chant\u00e9e autour d\u2019un feu de camp\u00a0!), sans compter la fameuse \u00ab\u00a0Rue de la Roquette\u00a0\u00bb, du Vaudois Michel B\u00fchler en r\u00e9f\u00e9rence \u00e0 une amante, du temps o\u00f9 il tra\u00eenait ses savates \u00e0 Paris.<\/p>\n<p>Paris est un assemblage de quartiers, chacun avec sa personnalit\u00e9, comme de nombreux villages coll\u00e9s les uns aux autres. D\u00e9couvrons l\u2019un d\u2019entre eux, celui de la Bastille, haut en couleurs, qui fut le creuset de bien des r\u00e9voltes et des bagarres et est un peu un barom\u00e8tre des tensions entre le pouvoir et le peuple de Paris. Il se situait autrefois hors de Paris, autour d\u2019un\u00a0 couvent du 13<sup>\u00e8me<\/sup> si\u00e8cle d\u00e9di\u00e9 \u00e0 Saint-Antoine-des-Champs et dont les pensionnaires \u00e9taient des abbesses de sang royal, ce qui leur conf\u00e9rait des privil\u00e8ges, comme\u00a0 ne pas adopter les r\u00e8gles qui avaient cours ailleurs \u00e0 Paris.\u00a0 Sur le domaine de l\u2019abbaye, les abbesses pouvaient donc d\u00e9cider ce que bon leur semblait, et, surtout, de donner une grande libert\u00e9 de cr\u00e9ation \u00e0 tout un tas de m\u00e9tiers, comme principalement, les m\u00e9tiers du meuble. Ceci eut pour effet l\u2019installation de toute une quantit\u00e9 d\u2019\u00e9b\u00e9nistes, de miroitiers, de tapissiers et autres marchands de meubles qui, bien qu\u2019en grande diminution, y \u0153uvrent encore aujourd\u2019hui.<\/p>\n<p><strong>Le fort<\/strong><br \/>\nCommen\u00e7ons d\u2019abord par la place de la Bastille elle-m\u00eame, qui ne garde que peu de traces de l\u2019ancienne \u00a0forteresse de 24 m\u00e8tres de haut et qui, \u00e0 l\u2019origine, devait servir de porte fortifi\u00e9e pour l\u2019entr\u00e9e de Paris. Elle fut ensuite transform\u00e9e en prison d\u2019Etat, o\u00f9 \u00e9taient enferm\u00e9s ceux qui pouvaient d\u00e9ranger la royaut\u00e9 et qu\u2019on emprisonnait sans proc\u00e8s. Certains personnages illustres y furent incarc\u00e9r\u00e9s, comme Voltaire, l\u2019Homme au masque de fer ou le marquis de Sade. Ce fut davantage un symbole de la r\u00e9pression monarchique \u00e0 d\u00e9truire le 14 juillet 1789,\u00a0 plus que pour en lib\u00e9rer les prisonniers qui n&#8217;\u00e9taient qu&#8217;au nombre de sept apr\u00e8s l\u2019assaut des r\u00e9volutionnaires. Il ne reste rien de cette prison, mais, si quelqu\u2019un d\u2019avis\u00e9 vous les montre, vous d\u00e9couvrirez au sud de la place plusieurs ronds de pav\u00e9s rouges d\u00e9limitant les anciennes tours, et le trac\u00e9 des murailles sur les quais de la station du m\u00e9tro Bastille.<\/p>\n<div id=\"attachment_16856\" style=\"width: 465px\" class=\"wp-caption alignnone\"><a href=\"http:\/\/www.jepars.ch\/magazine\/wp-content\/uploads\/2018\/10\/MG_9451.jpg\"><img loading=\"lazy\" decoding=\"async\" aria-describedby=\"caption-attachment-16856\" class=\"wp-image-16856 size-medium\" src=\"http:\/\/www.jepars.ch\/magazine\/wp-content\/uploads\/2018\/10\/MG_9451-455x303.jpg\" alt=\"Op\u00e9ra Bastille\" width=\"455\" height=\"303\" srcset=\"https:\/\/www.jepars.ch\/magazine\/wp-content\/uploads\/2018\/10\/MG_9451-455x303.jpg 455w, https:\/\/www.jepars.ch\/magazine\/wp-content\/uploads\/2018\/10\/MG_9451-150x100.jpg 150w, https:\/\/www.jepars.ch\/magazine\/wp-content\/uploads\/2018\/10\/MG_9451.jpg 1024w\" sizes=\"auto, (max-width: 455px) 100vw, 455px\" \/><\/a><p id=\"caption-attachment-16856\" class=\"wp-caption-text\">Op\u00e9ra Bastille<\/p><\/div>\n<blockquote><p><strong>La Coul\u00e9e verte<\/strong><br \/>\nDerri\u00e8re l\u2019Op\u00e9ra, sur le toit du trac\u00e9 de l\u2019ancienne ligne de chemin de fer reliant la Bastille \u00e0 La Varenne-Saint Hilaire en banlieue est, a \u00e9t\u00e9 am\u00e9nag\u00e9 un espace pi\u00e9tonnier arboris\u00e9 long de 4,5 km\u00a0 et d\u00fb \u00e0 Philippe Mathieux et Jacques Vergely et d\u00e9di\u00e9 \u00e0 l\u2019agronome Ren\u00e9 Dumont. Baptis\u00e9e \u00ab\u00a0Coul\u00e9e verte\u00a0\u00bb, c\u2019est un v\u00e9ritable havre de paix appr\u00e9ci\u00e9 des Parisiens en qu\u00eate de fra\u00eecheur et de calme, les bruits de la circulation \u00e9tant estomp\u00e9s par la hauteur de l\u2019ouvrage.<\/p><\/blockquote>\n<p><strong>La place<\/strong><br \/>\nAujourd\u2019hui, la place de la Bastille se distingue d\u2019abord par l\u2019Op\u00e9ra-Bastille, dont la construction avait \u00e9t\u00e9 command\u00e9e par Fran\u00e7ois Mitterand et dont le projet a \u00e9t\u00e9 r\u00e9alis\u00e9 par Jack Lang, alors ministre de la Culture. Elle fut construite dans un esprit populaire, pour rendre la culture de l\u2019op\u00e9ra et du ballet \u00e0 la port\u00e9e de tous. On y donne des \u0153uvres de tous les styles. Un autre site notoire de cette place est la majestueuse colonne de Juillet, construite apr\u00e8s les \u00ab\u00a0trois glorieuses\u00a0\u00bb, \u00a0lors des r\u00e9voltes qui d\u00e9clench\u00e8rent la chute de Charles X et l\u2019arriv\u00e9e au pouvoir de Louis-Philippe. A son sommet tr\u00f4ne le symbolique \u00ab\u00a0G\u00e9nie de la libert\u00e9\u00a0\u00bb. Sur cette colonne figurent les noms de tous ceux qui moururent lors des affrontements de la prise de la Bastille. A sa base, une crypte est en cours de r\u00e9fection et devrait bient\u00f4t \u00eatre ouverte au public. Au sud de la place, la vue sur le bassin de l&#8217;Arsenal, r\u00e9surgence du canal Saint-Martin, avec ses p\u00e9niches et ses bateaux de loisir donne un tableau impressionniste.<\/p>\n<p><strong>Les passages<\/strong><br \/>\n<a href=\"http:\/\/www.jepars.ch\/magazine\/wp-content\/uploads\/2018\/10\/IMG_9529.jpg\"><img loading=\"lazy\" decoding=\"async\" class=\"alignleft wp-image-16858\" src=\"http:\/\/www.jepars.ch\/magazine\/wp-content\/uploads\/2018\/10\/IMG_9529-455x303.jpg\" alt=\"Cour, Paris\" width=\"230\" height=\"153\" srcset=\"https:\/\/www.jepars.ch\/magazine\/wp-content\/uploads\/2018\/10\/IMG_9529-455x303.jpg 455w, https:\/\/www.jepars.ch\/magazine\/wp-content\/uploads\/2018\/10\/IMG_9529-150x100.jpg 150w, https:\/\/www.jepars.ch\/magazine\/wp-content\/uploads\/2018\/10\/IMG_9529.jpg 1024w\" sizes=\"auto, (max-width: 230px) 100vw, 230px\" \/><\/a>Le quartier est truff\u00e9 de passages et de cours occup\u00e9s par des bureaux ou des ateliers pour les uns, ou d\u2019habitations pour les autres. Ils sont parfois fleuris, voire arboris\u00e9s, et donnent une impression de paix et de calme, comme prot\u00e9g\u00e9s de l\u2019animation tr\u00e9pidante des art\u00e8res du quartier. Tous ne sont pas ouverts au public, en tous cas rares sont ceux accessibles les week-ends. Si la chance vous sourit, vous pourrez les d\u00e9couvrir avec bonheur les uns apr\u00e8s les autres. Le passage du Cheval-Blanc et son ensemble de courettes portant les noms des mois du calendrier se caract\u00e9rise par ses murs \u00e0 colombages. Dans le passage Lhomme, beaucoup d\u2019ateliers ont mis la cl\u00e9 sous la porte mais leurs enseignes affichent encore des num\u00e9ros de t\u00e9l\u00e9phone datant des ann\u00e9es 50. C\u2019est peut-\u00eatre au assage de la Bonne graine qu\u2019on trouvera un esprit radicalement provincial avec beaucoup de verdure qu\u2019on croirait sortie des films de Renoir ou de Grangier. Le passage du Chantier est conforme \u00e0 la vocation initiale du quartier avec des tapissiers et des copistes de meubles anciens encore en activit\u00e9. Son porche a \u00e9t\u00e9 am\u00e9nag\u00e9 en galerie de fresques originales aux titres po\u00e9tiques.<\/p>\n<p><strong>C\u2019est la f\u00eate<\/strong><br \/>\nCe quartier pourrait compter le plus grand nombre de commerces de bouche au km2 que bien d\u2019autres \u00e0 Paris. On y trouve des \u00e9tablissements en tous\u00a0 genres, de tous les styles et de toutes les origines, la plus grande concentration \u00e9tant dans la rue de la Roquette et son atmosph\u00e8re de f\u00eate permanente. C\u2019est plein de petits restaurants \u00e0 th\u00e8me, de l\u2019auvergnat au breton, du cubain au br\u00e9silien. Certains restaurants du quartier ont une r\u00e9putation historique, comme la brasserie alsacienne Bofinger, rue de la Bastille, o\u00f9 Alsaciens, menuisiers et \u00e9b\u00e9nistes retrouvaient leurs plats r\u00e9gionaux et apportaient m\u00eame leurs propres chopes pour s\u2019y faire servir leur bi\u00e8re pr\u00e9f\u00e9r\u00e9e.\u00a0 D\u2019un restaurant sans pr\u00e9tention, il devint la coqueluche des Parisiens au point d\u2019\u00eatre d\u00e9cor\u00e9 du style Art nouveau. \u00a0Avenue Ledru-Rollin, le Bistrot du Peintre est un autre restaurant\u00a0 du m\u00eame style qui s\u2019affiche ouvertement \u00ab\u00a0restaurant fran\u00e7ais\u00a0\u00bb, peut-\u00eatre pour donner le change aux nombreux \u00e9tablissements \u00e9trangers de la rue de la Roquette.<\/p>\n<p><a href=\"http:\/\/www.jepars.ch\/magazine\/wp-content\/uploads\/2018\/10\/IMG_9543.jpg\"><img loading=\"lazy\" decoding=\"async\" class=\"alignnone size-medium wp-image-16860\" src=\"http:\/\/www.jepars.ch\/magazine\/wp-content\/uploads\/2018\/10\/IMG_9543-455x303.jpg\" alt=\"Bistrot Paris\" width=\"455\" height=\"303\" srcset=\"https:\/\/www.jepars.ch\/magazine\/wp-content\/uploads\/2018\/10\/IMG_9543-455x303.jpg 455w, https:\/\/www.jepars.ch\/magazine\/wp-content\/uploads\/2018\/10\/IMG_9543-150x100.jpg 150w, https:\/\/www.jepars.ch\/magazine\/wp-content\/uploads\/2018\/10\/IMG_9543.jpg 1024w\" sizes=\"auto, (max-width: 455px) 100vw, 455px\" \/><\/a><\/p>\n<p><strong>Les Apaches<\/strong><br \/>\nEn remontant la rue de la Roquette, on tombe sur la rue de Lappe, ancien lieu de rendez-vous des \u00ab\u00a0Apaches\u00a0\u00bb, ces voyous en bandes, violents et sanguinaires, qui vivaient de rapines et de prox\u00e9n\u00e9tisme et portaient un uniforme (chaussures jaunes vernies, pantalons pattes d\u2019\u00e9l\u00e9phant et \u00ab\u00a0\u0153il de biche\u00a0\u00bb tatou\u00e9 au coin de l\u2019\u0153il). \u00a0Leur nom avait \u00e9t\u00e9 donn\u00e9 par un commissaire de police qui les comparaient aux membres de la tribu am\u00e9rindienne, r\u00e9put\u00e9e comme cruelle. \u00a0La Guerre de 14-18 mit fin \u00e0 leurs agissements, car ils furent tous envoy\u00e9s au front. C\u2019est dans cette m\u00eame rue que se trouve le c\u00e9l\u00e8bre \u00ab\u00a0Balajo\u00a0\u00bb (du nom de son premier propri\u00e9taire Jo France), ouvert en 1936 et toujours en activit\u00e9, un bal populaire ayant suivi toutes les \u00e9volutions et, apr\u00e8s le bal musette et la disco,\u00a0\u00a0 vibre aujourd\u2019hui aux sons du rap et de la techno.<br \/>\n<strong><br \/>\n<\/strong><a href=\"http:\/\/www.jepars.ch\/magazine\/wp-content\/uploads\/2018\/10\/IMG_9571.jpg\"><img loading=\"lazy\" decoding=\"async\" class=\"alignleft wp-image-16861\" style=\"margin: 5px 10px -3px 0px\" src=\"http:\/\/www.jepars.ch\/magazine\/wp-content\/uploads\/2018\/10\/IMG_9571-455x682.jpg\" alt=\"Rue du Baubourg Saint-Antoine, Paris\" width=\"230\" height=\"345\" srcset=\"https:\/\/www.jepars.ch\/magazine\/wp-content\/uploads\/2018\/10\/IMG_9571-455x682.jpg 455w, https:\/\/www.jepars.ch\/magazine\/wp-content\/uploads\/2018\/10\/IMG_9571.jpg 683w\" sizes=\"auto, (max-width: 230px) 100vw, 230px\" \/><\/a><strong>Un quartier classique<\/strong><br \/>\nA l\u2019Est de la rue de la Roquette on tombe dans un quartier assez classique avec, ici un hammam, l\u00e0 un jardin public d\u00e9di\u00e9 au fameux \u00e9b\u00e9niste Jean-Louis Majorelle sp\u00e9cialis\u00e9 dans l\u2019Art nouveau et p\u00e8re de Jacques Majorelle, auquel on doit un jardin botanique \u00e0 Marrakech, des \u00e9coles et leurs espaces ludiques, des murs \u00a0v\u00e9g\u00e9talis\u00e9s\u00a0et, dans de nombreux endroits, ces figurines en forme de mosa\u00efque coll\u00e9es aux \u00a0murs des maisons et que l&#8217;on doit \u00e0 l&#8217;artiste Invader. Comme ailleurs dans le monde les lieux o\u00f9 se trouvent ces figurines sont photographi\u00e9s par des collectionneurs d&#8217;images qui les r\u00e9pertorient sur une application mobile et accumulent des points sans r\u00e9compense autre que des f\u00e9licitations. Quelques surprises font aussi partie des bizarreries de l\u2019architecture avec, par exemple,\u00a0 dans une encoignure de l\u2019avenue Ledru-Rollin, une ancienne fontaine encastr\u00e9e dans un immeuble r\u00e9cent.<\/p>\n<p><span style=\"color: #808080\"><em><strong>Sainte-Marguerite<\/strong><\/em><\/span><br \/>\n<span style=\"color: #808080\"><em> \u00ab\u00a0Quand elle \u00e9tait p\u2019tite, le soir elle allait, \u00e0 Sainte-Marguerite, se faire dessaler\u2026\u00a0\u00bb, chantait Bruant. La chanson cruellement v\u00e9ridique pass\u00e9e dans le commun des chansons retra\u00e7ant une p\u00e9riode sombre de la prostitution enfantine \u00e0 Paris (combien sont ceux qui la chantent sans vraiment en saisir la port\u00e9e) se r\u00e9f\u00e8re \u00e0 une maison proche de l\u2019\u00e9glise paroissiale de Sainte-Marguerite o\u00f9 les voyous gagnaient leur vie sur les charmes de pauvres victimes. \u00a0Mais, rassurez-vous, cette \u00e9glise n\u2019\u00e9tait pas m\u00eal\u00e9e \u00e0 ce trafic, bien que le terrain de l\u2019\u00e9glise ait \u00e9t\u00e9 partag\u00e9 lors de la R\u00e9volution avec le Club des \u00e9crivains libertaires, des antis-cl\u00e9ricaux. Retenons que cette \u00e9glise a v\u00e9cu de nombreux \u00e9v\u00e9nements, surtout lors de la premi\u00e8re r\u00e9volution.\u00a0 On y aurait enterr\u00e9 Louis XVII (le \u00ab\u00a0petit mitron\u00a0\u00bb), ainsi que les corps d\u2019environ 300 personnes guillotin\u00e9es sur la place de la Bastille. A retenir aussi, parmi les chapelles du pourtour de la nef, celle d\u00e9cor\u00e9e en trompe-l\u2019\u0153il par le peintre Brunetti.<\/em><\/span><\/p>\n<p><strong>Texte Erika Bodmer, photos G\u00e9rard Blanc<\/strong><\/p>\nngg_shortcode_0_placeholder\n<h3><\/h3>\n<h3><span style=\"color: #ff0000\">Informations pratiques<\/span><\/h3>\n<h5><span style=\"color: #ff0000\">Y aller<\/span><\/h5>\n<p><a title=\"TGV Lyria\" href=\"https:\/\/www.tgv-lyria.com\/ch\/fr\" target=\"_blank\">TGV Lyria<\/a> depuis Gen\u00e8ve et Lausanne<\/p>\n<p>Ce voyage a pu \u00eatre r\u00e9alis\u00e9 avec l\u2019aide\u00a0 d\u2019Atout-France <a href=\"http:\/\/www.atout-france.fr\" target=\"_blank\">www.atout-france.fr<\/a>, de Lyria <a href=\"http:\/\/www.tgv-lyria.com\/fr-CH\" target=\"_blank\">www.tgv-lyria.com\/fr-CH<\/a>, de l\u2019Office du tourisme et des congr\u00e8s de Paris <a href=\"http:\/\/www.parisinfo.com\" target=\"_blank\">www.parisinfo.com<\/a> et de la soci\u00e9t\u00e9 de guides l\u2019Echapp\u00e9e belle <a href=\"http:\/\/www.echappee-belle.com\" target=\"_blank\">www.echappee-belle.com<\/a> .<\/p>\n<p>&nbsp;<\/p>\n","protected":false},"excerpt":{"rendered":"<p>ok<\/p>\n","protected":false},"author":3,"featured_media":16855,"comment_status":"open","ping_status":"closed","sticky":false,"template":"","format":"standard","meta":{"ngg_post_thumbnail":0,"footnotes":""},"categories":[7,58,12,14],"tags":[7496,7498,7500,7492,7502,7504,7497,7506,7508,7507,7493,1948,7495,7494,7499],"class_list":["post-16734","post","type-post","status-publish","format-standard","has-post-thumbnail","hentry","category-europe","category-france-europe","category-aladecouverte","category-je-pars-en-week-end","tag-apaches","tag-aristide-bruant","tag-balajo","tag-bastille","tag-canal-st-martin","tag-colonne-de-juillet","tag-coulee-verte","tag-eglise-sainte-marguerite","tag-faubourg-saint-antoine","tag-genie-de-la-bastille","tag-opera-bastille","tag-paris","tag-passages","tag-roquette","tag-rue-lappe"],"wps_subtitle":"JE PARS EN WEEK-END","_links":{"self":[{"href":"https:\/\/www.jepars.ch\/magazine\/wp-json\/wp\/v2\/posts\/16734","targetHints":{"allow":["GET"]}}],"collection":[{"href":"https:\/\/www.jepars.ch\/magazine\/wp-json\/wp\/v2\/posts"}],"about":[{"href":"https:\/\/www.jepars.ch\/magazine\/wp-json\/wp\/v2\/types\/post"}],"author":[{"embeddable":true,"href":"https:\/\/www.jepars.ch\/magazine\/wp-json\/wp\/v2\/users\/3"}],"replies":[{"embeddable":true,"href":"https:\/\/www.jepars.ch\/magazine\/wp-json\/wp\/v2\/comments?post=16734"}],"version-history":[{"count":22,"href":"https:\/\/www.jepars.ch\/magazine\/wp-json\/wp\/v2\/posts\/16734\/revisions"}],"predecessor-version":[{"id":20611,"href":"https:\/\/www.jepars.ch\/magazine\/wp-json\/wp\/v2\/posts\/16734\/revisions\/20611"}],"wp:featuredmedia":[{"embeddable":true,"href":"https:\/\/www.jepars.ch\/magazine\/wp-json\/wp\/v2\/media\/16855"}],"wp:attachment":[{"href":"https:\/\/www.jepars.ch\/magazine\/wp-json\/wp\/v2\/media?parent=16734"}],"wp:term":[{"taxonomy":"category","embeddable":true,"href":"https:\/\/www.jepars.ch\/magazine\/wp-json\/wp\/v2\/categories?post=16734"},{"taxonomy":"post_tag","embeddable":true,"href":"https:\/\/www.jepars.ch\/magazine\/wp-json\/wp\/v2\/tags?post=16734"}],"curies":[{"name":"wp","href":"https:\/\/api.w.org\/{rel}","templated":true}]}}