{"id":16438,"date":"2024-06-16T12:51:01","date_gmt":"2024-06-16T11:51:01","guid":{"rendered":"http:\/\/www.jepars.ch\/magazine\/?p=16438"},"modified":"2024-06-17T08:38:07","modified_gmt":"2024-06-17T07:38:07","slug":"cusco-la-capitale-peruvienne-de-linca-pachacutec","status":"publish","type":"post","link":"https:\/\/www.jepars.ch\/magazine\/cusco-la-capitale-peruvienne-de-linca-pachacutec\/","title":{"rendered":"Cusco : la capitale p\u00e9ruvienne de l\u2019Inca Pachacutec"},"content":{"rendered":"<p>Point de d\u00e9part ferroviaire au milieu des Andes p\u00e9ruviennes pour rejoindre le Machu Picchu, Cusco \u00e9tait la capitale du monde inca avant l\u2019arriv\u00e9e des conquistadors. Cela lui conf\u00e8re, encore aujourd\u2019hui un c\u00f4t\u00e9 mystique que n\u2019a pu effacer la colonisation espagnole<\/p>\n<p>Le grand Inca Pachacutec avait fait de Cusco un centre urbain complexe, qui, avec des fonctions administratives et religieuses distinctes, \u00e9tait d\u00e9limit\u00e9 en zones con\u00e7ues \u00a0pour les productions agricoles, artisanales et industrielles. A contrario, Lima qui avait \u00e9t\u00e9 con\u00e7ue d\u00e8s le d\u00e9part comme ville fortifi\u00e9e. Les Espagnols lors de l\u2019invasion de 1533, ont maintenu l\u2019essentiel de la structure de Cusco tout en construisant des \u00e9glises et des palais baroques sur les ruines de la cit\u00e9 inca.<\/p>\n<div id=\"attachment_16465\" style=\"width: 465px\" class=\"wp-caption alignleft\"><a href=\"http:\/\/www.jepars.ch\/magazine\/wp-content\/uploads\/2018\/08\/MG_5907.jpg\"><img loading=\"lazy\" decoding=\"async\" aria-describedby=\"caption-attachment-16465\" class=\"wp-image-16465\" style=\"margin: 5px 5px 0px -5px\" src=\"http:\/\/www.jepars.ch\/magazine\/wp-content\/uploads\/2018\/08\/MG_5907-455x303.jpg\" alt=\"Eglise de Belen\" width=\"455\" height=\"303\" srcset=\"https:\/\/www.jepars.ch\/magazine\/wp-content\/uploads\/2018\/08\/MG_5907-455x303.jpg 455w, https:\/\/www.jepars.ch\/magazine\/wp-content\/uploads\/2018\/08\/MG_5907-150x100.jpg 150w, https:\/\/www.jepars.ch\/magazine\/wp-content\/uploads\/2018\/08\/MG_5907.jpg 1024w\" sizes=\"auto, (max-width: 455px) 100vw, 455px\" \/><\/a><p id=\"caption-attachment-16465\" class=\"wp-caption-text\">Eglise de Belen \u00a9 Gerard Blanc<\/p><\/div>\n<p>La cit\u00e9 refl\u00e8te aujourd\u2019hui un accord assez harmonieux des cultures inca et hispanique qui, au fil des si\u00e8cles, sont parvenues \u00e0 une forme d\u2019accord architectural qu\u2019on peut qualifier d\u2019unique. Toutefois, on a ressenti, lors de la d\u00e9claration de l\u2019ind\u00e9pendance par le g\u00e9n\u00e9ral argentin San Martin en 1821, comme une fr\u00e9n\u00e9sie de la part des habitants de Cusco et des environs de redonner, malgr\u00e9 les nombreuses ann\u00e9es de colonisation, les valeurs anciennes \u00e0 la cit\u00e9 inca.<\/p>\n<p>Le m\u00e9lange des valeurs urbaines r\u00e9unissant les architectures inca et coloniale en a fait une ville aux rues tir\u00e9es au cordeau avec les places et les rues fid\u00e8les aux plans d\u2019avant le 15\u00e8me si\u00e8cle. Malheureusement, le d\u00e9veloppement touristique r\u00e9cent pourrait repr\u00e9senter une menace pour la pr\u00e9servation de certains b\u00e2timents anciens parfois modifi\u00e9s selon les besoins des activit\u00e9s commerciales de la ville. La balle est dans le camp des autorit\u00e9s.<\/p>\n<div id=\"attachment_16460\" style=\"width: 465px\" class=\"wp-caption alignnone\"><a href=\"http:\/\/www.jepars.ch\/magazine\/wp-content\/uploads\/2018\/08\/DSF1284.jpg\"><img loading=\"lazy\" decoding=\"async\" aria-describedby=\"caption-attachment-16460\" class=\"wp-image-16460 size-medium\" style=\"margin: 5px 5px 0px -5px\" src=\"http:\/\/www.jepars.ch\/magazine\/wp-content\/uploads\/2018\/08\/DSF1284-455x303.jpg\" alt=\"Mur de pierres Incas imbriquees\" width=\"455\" height=\"303\" srcset=\"https:\/\/www.jepars.ch\/magazine\/wp-content\/uploads\/2018\/08\/DSF1284-455x303.jpg 455w, https:\/\/www.jepars.ch\/magazine\/wp-content\/uploads\/2018\/08\/DSF1284-150x100.jpg 150w, https:\/\/www.jepars.ch\/magazine\/wp-content\/uploads\/2018\/08\/DSF1284.jpg 1024w\" sizes=\"auto, (max-width: 455px) 100vw, 455px\" \/><\/a><p id=\"caption-attachment-16460\" class=\"wp-caption-text\">Mur de pierres Incas imbriquees \u00a9 Isabelle Blanc<\/p><\/div>\n<p>Vu d\u2019avion, Cusco et sa p\u00e9riph\u00e9rie ont \u00e9t\u00e9 con\u00e7us par les Incas en forme de zigzag pour rappeler le dieu Eclair. D\u2019autres symboles datant des Incas sont encore pr\u00e9sents, comme, par exemple, la pelouse aux pieds\u00a0 du monast\u00e8re de Santo Domingo o\u00f9 sont repr\u00e9sent\u00e9s le serpent et le condor. Bordant certaines rues ou ruelles, on trouve des murs compos\u00e9s de blocs de pierres pouvant peser jusqu\u2019\u00e0 cinq tonnes chacun. Ils ont \u00e9t\u00e9 apport\u00e9s et ajust\u00e9s sans ciment. Comment sont-ils arriv\u00e9s jusque-l\u00e0\u00a0? Au cours de recherches, les arch\u00e9ologues ont trouv\u00e9 des rondins en bois, des roues en pierre et des cordes qui pourraient expliquer ce ph\u00e9nom\u00e8ne.<\/p>\n<div id=\"attachment_16464\" style=\"width: 465px\" class=\"wp-caption alignnone\"><a href=\"http:\/\/www.jepars.ch\/magazine\/wp-content\/uploads\/2018\/08\/MG_5844.jpg\"><img loading=\"lazy\" decoding=\"async\" aria-describedby=\"caption-attachment-16464\" class=\"wp-image-16464 size-medium\" style=\"margin: 5px 5px 0px -5px\" src=\"http:\/\/www.jepars.ch\/magazine\/wp-content\/uploads\/2018\/08\/MG_5844-455x303.jpg\" alt=\"Femmes Incas et lamas \" width=\"455\" height=\"303\" srcset=\"https:\/\/www.jepars.ch\/magazine\/wp-content\/uploads\/2018\/08\/MG_5844-455x303.jpg 455w, https:\/\/www.jepars.ch\/magazine\/wp-content\/uploads\/2018\/08\/MG_5844-150x100.jpg 150w, https:\/\/www.jepars.ch\/magazine\/wp-content\/uploads\/2018\/08\/MG_5844.jpg 1024w\" sizes=\"auto, (max-width: 455px) 100vw, 455px\" \/><\/a><p id=\"caption-attachment-16464\" class=\"wp-caption-text\">Femmes Incas \u00a9 Gerard Blanc<\/p><\/div>\n<blockquote><p><strong>Cuzco ou Cusco\u00a0?<\/strong><br \/>\nL\u2019\u00e9criture de la ville de Cusco fait l\u2019objet d\u2019une pol\u00e9mique sans fin. Officiellement, c\u2019est Cusco qu\u2019il faut adopter, m\u00eame si Google, Lonely Planet ou encore Encyclopedia Britannica ou m\u00eame le site Web de l\u2019Unesco l\u2019\u00e9crivent avec un \u201cZ\u201d. Pourtant, lorsqu\u2019on se trouve sur place, c\u2019est bien avec un \u00ab\u00a0S\u00a0\u00bb qu\u2019est \u00e9crite la ville sur tous les panneaux officiels. Depuis l\u2019ind\u00e9pendance du P\u00e9rou, les notables de Cusco ont toujours voulu \u00e9liminer les traces espagnoles de la ville pour les remplacer par la nature profond\u00e9ment inca. En 1976, \u201cCuzco\u201d (avec un\u00a0 Z) fut interdit et le mot quechua \u201cQosqo\u201d, ayant deux signification : \u00ab\u00a0Navire du monde\u00a0\u00bb et \u00ab\u00a0centre de l\u2019Univers\u00a0\u00bb, fut officiellement adopt\u00e9. Donc, au diable le \u00ab\u00a0Z\u00a0\u00bb reliquat de l\u2019h\u00e9g\u00e9monie espagnole, surtout quand on apprend que, dans plusieurs pays d\u2019Am\u00e9rique latine, le cuzco est un petit chien\u00a0!<\/p><\/blockquote>\n<p><strong>Tour de ville<\/strong><br \/>\nCusco a d\u2019abord l\u2019attrait de ses habitants, collant comme un gant \u00e0 l\u2019image que toute personne ayant lu les aventures de Tintin dans \u00ab\u00a0Le Temple du soleil\u00a0\u00bb peut avoir. Les visages burin\u00e9s, les chapeaux des femmes portant leurs b\u00e9b\u00e9s sur le dos dans une couverture d\u2019alpaga color\u00e9e, rouge, jaune, bleu, vert ne sont que quelques \u00e9vocations. C\u2019est au march\u00e9 de San Pedro que les Quechuas des montagnes environnantes saisissent l\u2019occasion pour se retrouver en famille ou entre copains ou coll\u00e8gues agriculteurs pour venir vendre les produits de leurs fermes, mais aussi pour manger ensemble de la soupe ou des grillades et boire un coup de chicha. Pour autant que vous sachiez quelques mots \u00e9l\u00e9mentaires d\u2019espagnol, leur contact est facile et aimable, mais il faut toutefois rester vigilant dans les petites rues des alentours o\u00f9 peuvent s\u00e9vir parfois les pickpockets. Le quartier que j\u2019ai pr\u00e9f\u00e9r\u00e9 \u00e9tait sans d\u00e9tour celui de San Blas, l\u2019ancien quartier inca s\u2019il en est, avec ses ruelles \u00e9troites du haut desquelles on b\u00e9n\u00e9ficie d\u2019une vue panoramique sur les maisons accroch\u00e9es aux collines environnantes, extension de la ville o\u00f9 ont \u00e9t\u00e9 construites des maisons r\u00e9sidentielles. Il est impossible d\u2019ignorer, en plein centre, la place d\u2019Armes, jadis Haucoypota (place des complaintes et des rencontres), o\u00f9 se d\u00e9roulent la plupart des grandes manifestations comm\u00e9moratives historiques. Il y tr\u00f4ne, bien entendu, la majestueuse cath\u00e9drale datant du 16\u00e8me si\u00e8cle, mais, tout autant, l\u2019\u00e9glise de la Compagnie de J\u00e9sus avec sa collection de toiles et, ses sculptures en bois et sa chapelle souterraine. C\u2019est depuis la place d\u2019Armes que partent des rues et ruelles vers tous les points cardinaux, certaines d\u2019entre elles ayant un cachet particulier avec leurs murs blancs et leurs r\u00e9verb\u00e8res.<\/p>\n<div id=\"attachment_16463\" style=\"width: 465px\" class=\"wp-caption alignnone\"><a href=\"http:\/\/www.jepars.ch\/magazine\/wp-content\/uploads\/2018\/08\/MG_5841.jpg\"><img loading=\"lazy\" decoding=\"async\" aria-describedby=\"caption-attachment-16463\" class=\"wp-image-16463 size-medium\" src=\"http:\/\/www.jepars.ch\/magazine\/wp-content\/uploads\/2018\/08\/MG_5841-455x303.jpg\" alt=\"_MG_5841\" width=\"455\" height=\"303\" srcset=\"https:\/\/www.jepars.ch\/magazine\/wp-content\/uploads\/2018\/08\/MG_5841-455x303.jpg 455w, https:\/\/www.jepars.ch\/magazine\/wp-content\/uploads\/2018\/08\/MG_5841-150x100.jpg 150w, https:\/\/www.jepars.ch\/magazine\/wp-content\/uploads\/2018\/08\/MG_5841.jpg 1024w\" sizes=\"auto, (max-width: 455px) 100vw, 455px\" \/><\/a><p id=\"caption-attachment-16463\" class=\"wp-caption-text\">Rue de Cusco \u00a9 Gerard Blanc<\/p><\/div>\n<blockquote><p><strong>Arte Olave<\/strong><br \/>\nCusco est le lieu favori d\u2019inspiration pour les artistes en tous genres, mais d\u2019art colonial et inca de pr\u00e9f\u00e9rence. C\u2019est dans l\u2019atelier de poterie-orf\u00e8vrerie-sculpture d\u2019inspiration inca que le maestro Antonio Olave, son \u00e9pouse Avelina et des enfants Francisco, Lidia, Washington, Vito Mois\u00e9s et Maria Josefina s\u2019inspirent de l\u2019\u00e9poque coloniale des 16\u00e8 et 17\u00e8 si\u00e8cle pour produire \u00e0 leur fa\u00e7on des \u0153uvres en terre cuite et des bas-reliefs en m\u00e9taux pr\u00e9cieux que s\u2019arrachent clients des pays du monde entier, mais, en priorit\u00e9, d\u2019Espagne et des pays voisins (Equateur, Argentine, Chili etc.), mais aussi de Paris. <a href=\"http:\/\/www.jepars.ch\/magazine\/wp-content\/uploads\/2018\/08\/MG_5830.jpg\"><img loading=\"lazy\" decoding=\"async\" class=\"alignleft wp-image-16462\" style=\"margin: 10px 0px -10px 0px\" src=\"http:\/\/www.jepars.ch\/magazine\/wp-content\/uploads\/2018\/08\/MG_5830-455x303.jpg\" alt=\"Dans l\u2019atelier de poterie d'Antonio Olave \" width=\"190\" height=\"127\" srcset=\"https:\/\/www.jepars.ch\/magazine\/wp-content\/uploads\/2018\/08\/MG_5830-455x303.jpg 455w, https:\/\/www.jepars.ch\/magazine\/wp-content\/uploads\/2018\/08\/MG_5830-150x100.jpg 150w, https:\/\/www.jepars.ch\/magazine\/wp-content\/uploads\/2018\/08\/MG_5830.jpg 1024w\" sizes=\"auto, (max-width: 190px) 100vw, 190px\" \/><\/a><\/p>\n<p>Si le genre premier est religieux, on trouve dans son atelier-galerie-mus\u00e9e une grande vari\u00e9t\u00e9 de poteries d\u2019argile reproduisant fid\u00e8lement celles des Incas, parfois transmises oralement d\u2019une g\u00e9n\u00e9ration \u00e0 l\u2019autre. Une des repr\u00e9sentations est celle du diable montr\u00e9 comme un \u00eatre plut\u00f4t gai et sympathique, selon la vision des habitants de l\u2019Altiplano.<\/p>\n<p>&nbsp;<\/p><\/blockquote>\n<p><strong>Le monast\u00e8re<\/strong><br \/>\nL\u2019un des points forts de la visite de la ville est celle du monast\u00e8re de Santo Domingo, moins pour son aspect religieux et les fresques de la vie de l\u2019effroyable Saint-Dominique, \u00e0 qui on doit, avec les Fr\u00e8res pr\u00eacheurs, la pers\u00e9cution des Cathares (lou\u00e9 par la fameuse \u00ab\u00a0S\u0153ur sourire\u00a0\u00bb), que pour l\u2019\u00e9vocation du Temple du soleil. De remarquables maquettes retracent la vie \u00e0 Cusco du temps des Incas, juste retour des choses quand on sait que le couvent a \u00e9t\u00e9 b\u00e2ti sur le plus fabuleux site inca de Cusco. Les maquettes et leurs personnages en miniature racontent d\u2019une mani\u00e8re vivante la vie religieuse et administrative des Incas. On apprend ainsi comment fut construit tout un complexe de temples d\u00e9di\u00e9s \u00e0 d\u2019autres dieux, tels que ceux de l\u2019Arc en ciel, de l\u2019Eclair, des Etoiles, de la Lune. A savoir qu\u2019\u00e0 c\u00f4t\u00e9 de ces temples \u00e9taient \u00e9galement pr\u00e9vues les habitations des pr\u00eatres et des notables, seules personnes admises dans l\u2019enceinte du b\u00e2timent appel\u00e9 Qoricancha. Le site poss\u00e9dait aussi le plus extraordinaire des jardins artificiels que pouvaient r\u00eaver les conquistadors. On y trouvait une incroyable vari\u00e9t\u00e9 en or massif et \u00e0 l\u2019\u00e9chelle naturelle, de tout un \u00e9chantillonnage de plantes utiles, depuis les plants de pommes de terre aux arbres fruitiers en passant par le quinoa, le sara sara (ma\u00efs), les piments et toutes autres plantes produisant des \u00e9l\u00e9ments comestibles ou, th\u00e9rapeutiques, mais aussi des arachnides et autres insectes jusqu&#8217;aux plus grands animaux de l&#8217;empire: ours \u00e0 lunettes, puma, lama et alpaga et m\u00eame un couple d\u2019humain leurs enfants.<\/p>\n<p><strong><span style=\"color: #808080\"><em>La f\u00eate du Soleil<\/em><\/span><\/strong><br \/>\n<span style=\"color: #808080\"><em>L\u2019Inti Raymi \u00e9tait la festivit\u00e9 la plus importante du Tawantinsuyu, l\u2019empire inca, dont la religion \u00e9tait bas\u00e9e sur le culte du Soleil. \u00c0 l\u2019\u00e9poque, elle \u00e9tait c\u00e9l\u00e9br\u00e9e sur la Plaza de Armas beaucoup plus vaste qu\u2019aujourd\u2019hui, englobant m\u00eame la Plaza Regocijo. Les hommes suivaient une di\u00e8te stricte de trois jours avant la c\u00e9l\u00e9bration : manger que du ma\u00efs blanc cru, quelques herbes, de l\u2019eau, et il \u00e9tait interdit aux hommes de dormir avec leurs femmes!<\/em><\/span><br \/>\n<span style=\"color: #808080\"><em>Aujourd\u2019hui, cette f\u00eate qui se d\u00e9roule au moment du solstice, fait l\u2019objet d\u2019une mise en sc\u00e8ne de quelques 500 acteurs chaque ann\u00e9e, et on estime \u00e0 plus de 200&#8217;000 le nombre de spectateurs qui viennent assister \u00e0 ce spectacle, \u00e0 la place des Armes du centre de Cusco, mais surtout au site arch\u00e9ologique voisin de Sacsayhuaman, o\u00f9 se tient le rituel qui se d\u00e9roule face au mont Qoricancha. C\u2019est un spectacle haut en couleurs, en danses et en musique. On se croirait plong\u00e9 dans l\u2019album de Tintin \u00ab\u00a0Le Temple du soleil\u00a0\u00bb alors que Tintin allait \u00eatre sacrifi\u00e9 sur un bucher.<\/em><\/span><\/p>\n<div id=\"attachment_16466\" style=\"width: 465px\" class=\"wp-caption alignnone\"><a href=\"http:\/\/www.jepars.ch\/magazine\/wp-content\/uploads\/2018\/08\/016828_300.jpg\"><img loading=\"lazy\" decoding=\"async\" aria-describedby=\"caption-attachment-16466\" class=\"wp-image-16466 size-medium\" src=\"http:\/\/www.jepars.ch\/magazine\/wp-content\/uploads\/2018\/08\/016828_300-455x303.jpg\" alt=\"016828_300\" width=\"455\" height=\"303\" srcset=\"https:\/\/www.jepars.ch\/magazine\/wp-content\/uploads\/2018\/08\/016828_300-455x303.jpg 455w, https:\/\/www.jepars.ch\/magazine\/wp-content\/uploads\/2018\/08\/016828_300-150x100.jpg 150w, https:\/\/www.jepars.ch\/magazine\/wp-content\/uploads\/2018\/08\/016828_300.jpg 1024w\" sizes=\"auto, (max-width: 455px) 100vw, 455px\" \/><\/a><p id=\"caption-attachment-16466\" class=\"wp-caption-text\">Soldats Incas, F\u00eate du Soleil \u00a9 Promperu<\/p><\/div>\n<p><strong>G\u00e9rard Blanc<\/strong><\/p>\nngg_shortcode_0_placeholder\n<p>\u00c0 lire aussi :<br \/>\n<a href=\"http:\/\/www.jepars.ch\/magazine\/?p=16730\">Lima : la cit\u00e9 des rois conquistadors<\/a><br \/>\n<span style=\"color: #ff0000\"><a style=\"color: #ff0000\" title=\"Lien permanent vers La vierge d\u2019Almudena, une f\u00eate religieuse \u00e0 Cuzco\" href=\"http:\/\/www.jepars.ch\/magazine\/?p=15182\" rel=\"bookmark\">La vierge d\u2019Almudena, une f\u00eate religieuse \u00e0 Cuzco<\/a><\/span><br \/>\n<a title=\"Lien permanent vers Hacienda Huyaoccari : fen\u00eatre sur les Andes p\u00e9ruviennes\" href=\"http:\/\/www.jepars.ch\/magazine\/?p=15631\" rel=\"bookmark\"><span style=\"color: #ff0000\">Hacienda Huyaoccari : fen\u00eatre sur les Andes p\u00e9ruviennes<\/span> <\/a><br \/>\n<a style=\"color: #ff0000\" title=\"Lien permanent vers La Vall\u00e9e sacr\u00e9e des Incas au P\u00e9rou, m\u00e9moire d\u2019une civilisation prestigieuse\" href=\"http:\/\/www.jepars.ch\/magazine\/?p=15627\" rel=\"bookmark\">La Vall\u00e9e sacr\u00e9e des Incas au P\u00e9rou, m\u00e9moire d\u2019une civilisation prestigieuse <\/a><br \/>\n<span style=\"color: #ff0000\"><a style=\"color: #ff0000\" title=\"Lien permanent vers Les mille splendeurs du Machu Picchu\" href=\"http:\/\/www.jepars.ch\/magazine\/?p=15433\">Les mille splendeurs du Machu Picchu <\/a><\/span><\/p>\n<h3><span style=\"color: #ff0000\">Infos pratiques<\/span><\/h3>\n<h5><span style=\"color: #ff0000\">Y aller<\/span><\/h5>\n<p>Gen\u00e8ve-Amsterdam-Lima avec KLM et Lima Cusco avec Latam ou Peruvian.<\/p>\n<h5><span style=\"color: #ff0000\">Loger<\/span><\/h5>\n<p>H\u00f4tel Inkaterra La Casona (en face du Couvent Santo Domingo et proche de la place d\u2019Armes\u00a0; Monasterio San Pedro (les deux sont de superbes \u00e9difices au cadre authentique.<\/p>\n<h5><span style=\"color: #ff0000\">Restaurant<\/span><\/h5>\n<p>Le Limo (proche de la place d\u2019Armes), le caf\u00e9 MAP (dans l\u2019enceinte du mus\u00e9e d\u2019art pr\u00e9colombien).<\/p>\n<h5><span style=\"color: #ff0000\">A voir encore<\/span><\/h5>\n<p>Le temple de la Merced, le mus\u00e9e d\u2019art pr\u00e9colombien.<\/p>\n","protected":false},"excerpt":{"rendered":"<p>ok<\/p>\n","protected":false},"author":3,"featured_media":16467,"comment_status":"open","ping_status":"closed","sticky":false,"template":"","format":"standard","meta":{"ngg_post_thumbnail":0,"footnotes":""},"categories":[26,5,40,5389],"tags":[7272,7279,9667,6450,7275,9668,7276,7273,7278,7277,7269,9663,7271,7318,7274],"class_list":["post-16438","post","type-post","status-publish","format-standard","has-post-thumbnail","hentry","category-amerique-du-sud","category-destinations","category-je-pars-tres-loin","category-perou","tag-arte-octave","tag-cafe-map","tag-cusco","tag-cuzco","tag-fete-du-soleil","tag-inca","tag-inkaterra-la-casona","tag-inti-raymi","tag-le-limo","tag-monastere-santo-domingo","tag-pachutec","tag-perou","tag-qoricancha","tag-qosqo","tag-sacsayhuaman"],"wps_subtitle":"JE PARS TR\u00c8S LOIN","_links":{"self":[{"href":"https:\/\/www.jepars.ch\/magazine\/wp-json\/wp\/v2\/posts\/16438","targetHints":{"allow":["GET"]}}],"collection":[{"href":"https:\/\/www.jepars.ch\/magazine\/wp-json\/wp\/v2\/posts"}],"about":[{"href":"https:\/\/www.jepars.ch\/magazine\/wp-json\/wp\/v2\/types\/post"}],"author":[{"embeddable":true,"href":"https:\/\/www.jepars.ch\/magazine\/wp-json\/wp\/v2\/users\/3"}],"replies":[{"embeddable":true,"href":"https:\/\/www.jepars.ch\/magazine\/wp-json\/wp\/v2\/comments?post=16438"}],"version-history":[{"count":19,"href":"https:\/\/www.jepars.ch\/magazine\/wp-json\/wp\/v2\/posts\/16438\/revisions"}],"predecessor-version":[{"id":17009,"href":"https:\/\/www.jepars.ch\/magazine\/wp-json\/wp\/v2\/posts\/16438\/revisions\/17009"}],"wp:featuredmedia":[{"embeddable":true,"href":"https:\/\/www.jepars.ch\/magazine\/wp-json\/wp\/v2\/media\/16467"}],"wp:attachment":[{"href":"https:\/\/www.jepars.ch\/magazine\/wp-json\/wp\/v2\/media?parent=16438"}],"wp:term":[{"taxonomy":"category","embeddable":true,"href":"https:\/\/www.jepars.ch\/magazine\/wp-json\/wp\/v2\/categories?post=16438"},{"taxonomy":"post_tag","embeddable":true,"href":"https:\/\/www.jepars.ch\/magazine\/wp-json\/wp\/v2\/tags?post=16438"}],"curies":[{"name":"wp","href":"https:\/\/api.w.org\/{rel}","templated":true}]}}