{"id":14593,"date":"2024-06-22T15:34:36","date_gmt":"2024-06-22T14:34:36","guid":{"rendered":"http:\/\/www.jepars.ch\/magazine\/?p=14593"},"modified":"2024-06-23T07:00:38","modified_gmt":"2024-06-23T06:00:38","slug":"chocs-entre-oiseaux-et-avions-pas-dindemnite","status":"publish","type":"post","link":"https:\/\/www.jepars.ch\/magazine\/chocs-entre-oiseaux-et-avions-pas-dindemnite\/","title":{"rendered":"Chocs entre oiseaux et avions : pas d\u2019indemnit\u00e9"},"content":{"rendered":"<p>Le quotidien fran\u00e7ais Le Figaro r\u00e9v\u00e8le que la cour de justice de l\u2019Union europ\u00e9enne (CJUE) a jug\u00e9 qu\u2019un retard de transport a\u00e9rien d\u00fb \u00e0 une collision entre un oiseau et un avion en vol (appel\u00e9 aussi p\u00e9ril aviaire), devait \u00eatre consid\u00e9r\u00e9 comme in\u00e9vitable et d\u00fb au hasard et donc, n\u2019entrant pas dans la cat\u00e9gorie des retards indemnisables. Ce jugement faisait suite \u00e0 une r\u00e9clamation d\u00e9pos\u00e9e par deux passagers de la R\u00e9publique Tch\u00e8que aupr\u00e8s de la justice de leur pays \u00a0Ils avaient \u00a0pris l\u2019avion \u00e0 Burgas en direction d\u2019Ostrava et avaient d\u00fb faire une escale forc\u00e9e \u00e0 Brno, un oiseau \u00e9tant entr\u00e9 dans un r\u00e9acteur. Cette r\u00e9clamation avait alors \u00e9t\u00e9 relay\u00e9e \u00e0 la CJUE, laquelle a ensuite pris sa d\u00e9cision qui a, d\u00e9sormais, valeur de jurisprudence.<\/p>\n","protected":false},"excerpt":{"rendered":"<p>Le quotidien fran\u00e7ais Le Figaro r\u00e9v\u00e8le que la cour de justice de l\u2019Union europ\u00e9enne (CJUE) a jug\u00e9 qu\u2019un retard de transport a\u00e9rien d\u00fb \u00e0 une collision entre un oiseau et un avion en vol (appel\u00e9 aussi p\u00e9ril aviaire), devait \u00eatre consid\u00e9r\u00e9 comme in\u00e9vitable et d\u00fb au hasard et donc, n\u2019entrant pas dans la cat\u00e9gorie des retards indemnisables. Ce jugement faisait suite \u00e0 une r\u00e9clamation d\u00e9pos\u00e9e en 2015 par deux passagers de la R\u00e9publique Tch\u00e8que aupr\u00e8s de la justice de leur pays  Ils avaient  pris l\u2019avion \u00e0 Burgas en direction d\u2019Ostrava et avaient d\u00fb faire une escale forc\u00e9e \u00e0 Brno, un oiseau \u00e9tant entr\u00e9 dans un r\u00e9acteur. Cette r\u00e9clamation avait alors \u00e9t\u00e9 relay\u00e9e \u00e0 la CJUE, laquelle a ensuite pris sa d\u00e9cision qui a, d\u00e9sormais, valeur de jurisprudence. <\/p>\n","protected":false},"author":3,"featured_media":0,"comment_status":"open","ping_status":"closed","sticky":false,"template":"","format":"standard","meta":{"ngg_post_thumbnail":0,"footnotes":""},"categories":[51,48],"tags":[5947,5950,4024,5949,5933,5948,5946,9565],"class_list":["post-14593","post","type-post","status-publish","format-standard","hentry","category-breves","category-conseils-au-voyageurs","tag-avion","tag-choc","tag-cjue","tag-collision","tag-cour-de-justice-de-lunion-europeenne","tag-oiseau","tag-peril-aviaire","tag-republique-tcheque"],"wps_subtitle":"BR\u00c8VES","_links":{"self":[{"href":"https:\/\/www.jepars.ch\/magazine\/wp-json\/wp\/v2\/posts\/14593","targetHints":{"allow":["GET"]}}],"collection":[{"href":"https:\/\/www.jepars.ch\/magazine\/wp-json\/wp\/v2\/posts"}],"about":[{"href":"https:\/\/www.jepars.ch\/magazine\/wp-json\/wp\/v2\/types\/post"}],"author":[{"embeddable":true,"href":"https:\/\/www.jepars.ch\/magazine\/wp-json\/wp\/v2\/users\/3"}],"replies":[{"embeddable":true,"href":"https:\/\/www.jepars.ch\/magazine\/wp-json\/wp\/v2\/comments?post=14593"}],"version-history":[{"count":3,"href":"https:\/\/www.jepars.ch\/magazine\/wp-json\/wp\/v2\/posts\/14593\/revisions"}],"predecessor-version":[{"id":20614,"href":"https:\/\/www.jepars.ch\/magazine\/wp-json\/wp\/v2\/posts\/14593\/revisions\/20614"}],"wp:attachment":[{"href":"https:\/\/www.jepars.ch\/magazine\/wp-json\/wp\/v2\/media?parent=14593"}],"wp:term":[{"taxonomy":"category","embeddable":true,"href":"https:\/\/www.jepars.ch\/magazine\/wp-json\/wp\/v2\/categories?post=14593"},{"taxonomy":"post_tag","embeddable":true,"href":"https:\/\/www.jepars.ch\/magazine\/wp-json\/wp\/v2\/tags?post=14593"}],"curies":[{"name":"wp","href":"https:\/\/api.w.org\/{rel}","templated":true}]}}