{"id":12497,"date":"2023-01-14T17:51:23","date_gmt":"2023-01-14T16:51:23","guid":{"rendered":"http:\/\/www.jepars.ch\/magazine\/?p=12497"},"modified":"2023-02-11T14:01:41","modified_gmt":"2023-02-11T13:01:41","slug":"cluj-la-plus-studieuse-a-louest-de-leurope-centrale","status":"publish","type":"post","link":"https:\/\/www.jepars.ch\/magazine\/cluj-la-plus-studieuse-a-louest-de-leurope-centrale\/","title":{"rendered":"Cluj, la plus studieuse \u00e0 l\u2019ouest de l\u2019Europe centrale"},"content":{"rendered":"<p><strong>Les Clujois disent qu&#8217;ils sont \u00e0 l&#8217;extr\u00eame est du monde occidental comme, l&#8217;affirment aussi les anciennes cartes de la Transylvanie<\/strong><\/p>\n<p>Les diverses minorit\u00e9s qui peuplent Cluj sont aussi une fa\u00e7on d\u2019affirmer leur mentalit\u00e9 occidentale avec 16% de Hongrois (anciens colonisateurs) mais surtout 120\u2019000 \u00e9tudiants venus de tous les coins d\u2019Europe et d\u2019Am\u00e9rique pour 300\u2019000 habitants.<\/p>\n<p><strong>Le h\u00e9ros national<\/strong><br \/>\nLa m\u00e9tropole de la Transylvanie s\u2019est ajout\u00e9 le nom de Napoca qui lui avait \u00e9t\u00e9 attribu\u00e9 par les l\u00e9gions romaines. Cette r\u00e9gion \u00e9tait alors occup\u00e9e par les Daces (cousins des Thraces grecs). Mais la ville fut r\u00e9ellement cr\u00e9\u00e9e en 1316 par une colonie allemande, puis rapidement assimil\u00e9e par les Hongrois pour \u00eatre reconstruite plusieurs fois comme place forte pour r\u00e9sister aux invasions Mongoles, Tatares et Ottomanes. Le h\u00e9ros de Cluj est le roi Matthias Corvinus (1443-1490). Les habitants montrent avec respect la maison de la place Unicii o\u00f9 il avait v\u00e9cu. Certes, il \u00e9tait Hongrois, mais naquit \u00e0 Cluj. On lui doit surtout d\u2019avoir repouss\u00e9 les Ottomans de la Valachie-Moldavie. L\u2019histoire mouvement\u00e9e de Cluj fut ponctu\u00e9e de destructions quasiment totales de ses fortifications. Toutefois, un pan des remparts et une tour sont encore debout, t\u00e9moignage de la seconde enceinte m\u00e9di\u00e9vale.<\/p>\n<p><strong>Au c\u0153ur de la R\u00e9forme<\/strong><br \/>\nEn d\u00e9ambulant dans les rues, on a le sentiment d\u2019\u00eatre davantage dans une ville occidentale qu\u2019en Europe centrale. Mais ce qui frappe est le nombre d\u2019 \u00e9glises et de cath\u00e9drales qui t\u00e9moignent d\u2019un pass\u00e9 religieux bouillonnant pendant la R\u00e9forme et de la Contre-R\u00e9forme, et, en particulier, le mouvement unitaire qui y naquit sous l\u2019impulsion de David Ferenc, pasteur calviniste en d\u00e9saccord avec le principe de la Trinit\u00e9. Aujourd\u2019hui, Cluj vit au rythme du pluri-christianisme avec un partage entre les ob\u00e9diences orthodoxe, unitaire, calviniste, luth\u00e9rienne et catholique.<\/p>\n<p><strong>Va te faire Cluj<\/strong><br \/>\nDans un humour potache, c\u2019est ainsi que s\u2019interpellent les \u00e9tudiants \u00e9trangers qui, \u00e9cart\u00e9s par le numerus clausus de leurs pays, se sont rabattus sur ces universit\u00e9s qui leur octroient des dipl\u00f4mes reconnus au niveau europ\u00e9en. Mais la vocation universitaire de Cluj n\u2019est pas r\u00e9cente. Sous l\u2019impulsion du roi Stephen B\u00e1thory en 1580, un coll\u00e8ge j\u00e9suite et diverses autres coll\u00e8ges catholiques se succ\u00e9d\u00e8rent jusqu\u2019\u00e0 la cr\u00e9ation de l\u2019UBB (Universit\u00e9 Babes Bolyai). Aujourd\u2019hui, on y trouve presque toutes les mati\u00e8res, mais surtout celles enseign\u00e9es par les savants Viktor Babes et J\u00e1nos Bolyai, \u00e0 savoir la m\u00e9decine, la pharmacie ou la biotechnologie.<\/p>\n<p><a href=\"http:\/\/www.jepars.ch\/magazine\/wp-content\/uploads\/2015\/09\/MG_4228.jpg\"><img loading=\"lazy\" decoding=\"async\" class=\"alignnone size-medium wp-image-12558\" src=\"http:\/\/www.jepars.ch\/magazine\/wp-content\/uploads\/2015\/09\/MG_4228-455x242.jpg\" alt=\"Velos, Cluj\" width=\"455\" height=\"242\" srcset=\"https:\/\/www.jepars.ch\/magazine\/wp-content\/uploads\/2015\/09\/MG_4228-455x242.jpg 455w, https:\/\/www.jepars.ch\/magazine\/wp-content\/uploads\/2015\/09\/MG_4228.jpg 1024w\" sizes=\"auto, (max-width: 455px) 100vw, 455px\" \/><\/a><\/p>\n<p><strong>La f\u00eate<\/strong><br \/>\nEn marge des strictes \u00e9tudes, Cluj vit aussi au rythme des bo\u00eetes, discos, et des festivals en tous genres. Le rendez-vous des \u00e9tudiants est d\u2019abord sur la place ombrag\u00e9e des mus\u00e9es, l\u00e0 o\u00f9 les tables des bistrots occupent presque tout l\u2019espace et o\u00f9 des jeunes, studieux ou non, \u00e9tanchent leur soif avec une Silva ou une Ursus.<\/p>\n<blockquote><p><strong>Turda<\/strong><br \/>\nA une trentaine de kilom\u00e8tres au sud-ouest de Cluj, Turda est le site le plus pittoresque de la campagne environnante. Datant de 1568, elle a su garder son aspect authentique et ses t\u00e9moignages de l\u2019\u00e9poque de la r\u00e9forme. On y trouve une insolite \u00e9glise calviniste fortifi\u00e9e contre les invasions tatares et ottomanes et la statue de Avran Lancu, lib\u00e9rateur de la Transylvanie.\u00a0<a href=\"http:\/\/www.jepars.ch\/magazine\/wp-content\/uploads\/2015\/09\/MG_4317.jpg\"><img loading=\"lazy\" decoding=\"async\" class=\"alignnone wp-image-12559\" src=\"http:\/\/www.jepars.ch\/magazine\/wp-content\/uploads\/2015\/09\/MG_4317-455x682.jpg\" alt=\"Turda\" width=\"190\" height=\"285\" srcset=\"https:\/\/www.jepars.ch\/magazine\/wp-content\/uploads\/2015\/09\/MG_4317-455x682.jpg 455w, https:\/\/www.jepars.ch\/magazine\/wp-content\/uploads\/2015\/09\/MG_4317.jpg 683w\" sizes=\"auto, (max-width: 190px) 100vw, 190px\" \/><\/a> C\u2019est \u00e9galement \u00e0 Turda que David Ferenc fit la d\u00e9claration de libert\u00e9 religieuse qui aboutit \u00e0 l\u2019\u00e9dit de 1568 sur les libert\u00e9s de culte de toutes les religions chr\u00e9tiennes: orthodoxe, catholique romaine, calviniste, luth\u00e9rienne et unitaire.<br \/>\nProche de Turda, l\u2019impressionnante mine de sel rouverte comme mus\u00e9e en 1992 avec 850 m\u00e8tres de galeries et une salle d\u2019une hauteur de 50 m\u00e8tres. On y traite toujours les maladies respiratoires par le sel.<br \/>\nEnfin, a quelques kilom\u00e8tres de l\u00e0, les gorges Cheile Turzii dues \u00e0 l\u2019\u00e9rosion des monts calcaires jurassiques Apuseni de 2 900 m\u00e8tres de long, sont un espace prot\u00e9g\u00e9 dans lequel, avec un peu de chance vous verrez un aigle royal.<\/p><\/blockquote>\n<p>La f\u00e9d\u00e9ration associative Share Cluj-Napoca, cr\u00e9\u00e9e dans le but d\u2019investir dans le secteur de la jeunesse, est un exemple des festivit\u00e9s tout au long de l\u2019ann\u00e9e. Une telle initiative a eu, par exemple, le r\u00e9sultat de faire de Cluj la capitale europ\u00e9enne de la Jeunesse en 2015, avec une palette de manifestations \u00e0 but caritatif comme, par exemple, des apr\u00e8s-midis disco avec DJ sur le toit d\u2019un immeuble ou encore des festivals tels que l\u2019 \u00abUntold Festival\u00bb (reggae, hip-hop), ou le \u00abNo hate speech movement\u00bb. La communaut\u00e9 estudiantine francophone y est importante, et la population est assez francophile, preuve en est le Festival de la culture fran\u00e7aise qui s\u2019est d\u00e9roul\u00e9e en 2015.<\/p>\n<p><strong>Pleins de projets<\/strong><br \/>\nSi Cluj a \u00e9t\u00e9 d\u00e9cr\u00e9t\u00e9e capitale de la Jeunesse 2015, elle ne s\u2019arr\u00eatera pas l\u00e0. Son ambition est d\u2019obtenir la distinction de capitale europ\u00e9enne de la Culture en 2021 (cette distinction lanc\u00e9e par Jack Lang et M\u00e9lina Mercouri en 1983). Cluj met beaucoup d\u2019espoir dans ce titre qui serait un formidable levier pour son tourisme. On formule d\u00e9j\u00e0 des projets originaux comme l\u2019exposition d\u2019un bateau gigantesque au centre-ville mais il importe avant tout de se conformer \u00e0 63 crit\u00e8res.<\/p>\n<p><a href=\"http:\/\/www.jepars.ch\/magazine\/wp-content\/uploads\/2015\/09\/MG_4293.jpg\"><img loading=\"lazy\" decoding=\"async\" class=\"alignnone wp-image-12561\" src=\"http:\/\/www.jepars.ch\/magazine\/wp-content\/uploads\/2015\/09\/MG_4293-455x303.jpg\" alt=\"Cluj\" width=\"188\" height=\"125\" srcset=\"https:\/\/www.jepars.ch\/magazine\/wp-content\/uploads\/2015\/09\/MG_4293-455x303.jpg 455w, https:\/\/www.jepars.ch\/magazine\/wp-content\/uploads\/2015\/09\/MG_4293-150x100.jpg 150w, https:\/\/www.jepars.ch\/magazine\/wp-content\/uploads\/2015\/09\/MG_4293.jpg 1024w\" sizes=\"auto, (max-width: 188px) 100vw, 188px\" \/><\/a><strong>Le poumon<\/strong><br \/>\nLe Parc central de Cluj est \u00e0 mi-chemin avec son homonyme de Manhattan et au Bois de Boulogne \u00e0 Paris avec ses \u00e9tangs propices \u00e0 la promenade en barques. Le vieux casino, sorte de gentilhommi\u00e8re peinte en blanc, sert aux multiples r\u00e9unions en tout genre, \u00e0 commencer par les f\u00eates de mariages, mais aussi un festival annuel de Jazz \u00abjazz in the Park\u00bb.<\/p>\n<p><strong>De cruels souvenirs<\/strong><br \/>\nSi des g\u00e9n\u00e9rations de Clujois souhaitent oublier la p\u00e9riode noire du communisme, d\u2019autres veulent rappeler les sacrifices des intellectuels et des artistes qui l\u2019on combattu, preuve en sont le mausol\u00e9e \u00e0 la gloire des insurg\u00e9s contre le communisme dans un coin du Parc central et les sept colonnes en bois repr\u00e9sentant sept martyrs (artistes et intellectuels) pers\u00e9cut\u00e9s par le r\u00e9gime de Ceausescu.<\/p>\n<p><strong>Texte &amp; photos &#8211; G\u00e9rard Blanc<\/strong><\/p>\n<h3><span style=\"color: #ff0000\">Infos pratiques<\/span><\/h3>\n<h5><span style=\"color: #ff0000\">Vol<\/span><\/h5>\n<p>B\u00e2le-Mulhouse\/Cluj\u00a0 sans escale le mardi, jeudi et samedi avec Wizz Air.<\/p>\n<h5><span style=\"color: #ff0000\">R\u00e9servations<\/span><\/h5>\n<p>www.wizzair.com<\/p>\n<h5><span style=\"color: #ff0000\">H\u00f4tel<\/span><\/h5>\n<p>Le Grand hotel Napoca \u00e0 la lisi\u00e8re du Parc central, www.hotelnapoca.ro<\/p>\n<h5><span style=\"color: #ff0000\">Restaurant traditionnel<\/span><\/h5>\n<p>Le Roata, www.restaurant-roata.ro<\/p>\n<h5><span style=\"color: #ff0000\">A voir encore<\/span><\/h5>\n<p>Le passionnant mus\u00e9e Metropoli situ\u00e9 au sous-sol de la cath\u00e9drale orthodoxe d\u2019Adormirea Maicii Domnului. On y trouve toute une vari\u00e9t\u00e9 d\u2019ic\u00f4nes d\u2019\u00e9poque byzantine, d\u2019ic\u00f4nes na\u00efves et de bibles datant du 16e si\u00e8cle.<\/p>\n","protected":false},"excerpt":{"rendered":"<p>OK<\/p>\n","protected":false},"author":3,"featured_media":12557,"comment_status":"open","ping_status":"closed","sticky":false,"template":"","format":"standard","meta":{"ngg_post_thumbnail":0,"footnotes":""},"categories":[7,14,88],"tags":[4818,3674,4820,4822,4826,4827,4819,4821,4825,4468,4824,4823],"class_list":["post-12497","post","type-post","status-publish","format-standard","has-post-thumbnail","hentry","category-europe","category-je-pars-en-week-end","category-roumanie","tag-cluj-roumanie","tag-cluj-napoca","tag-contre-reforme-cluj","tag-david-ferenc-eglise-unitaire","tag-gorges-de-cheile-turzii","tag-jazz-in-the-park-cluj","tag-matthias-corvinus","tag-matthias-ferenc-place-unicii-cluj","tag-mines-de-sel-turda","tag-transylvanie","tag-turda","tag-universite-babes-bolayi"],"wps_subtitle":"JE PARS EN WEEK-END","_links":{"self":[{"href":"https:\/\/www.jepars.ch\/magazine\/wp-json\/wp\/v2\/posts\/12497","targetHints":{"allow":["GET"]}}],"collection":[{"href":"https:\/\/www.jepars.ch\/magazine\/wp-json\/wp\/v2\/posts"}],"about":[{"href":"https:\/\/www.jepars.ch\/magazine\/wp-json\/wp\/v2\/types\/post"}],"author":[{"embeddable":true,"href":"https:\/\/www.jepars.ch\/magazine\/wp-json\/wp\/v2\/users\/3"}],"replies":[{"embeddable":true,"href":"https:\/\/www.jepars.ch\/magazine\/wp-json\/wp\/v2\/comments?post=12497"}],"version-history":[{"count":16,"href":"https:\/\/www.jepars.ch\/magazine\/wp-json\/wp\/v2\/posts\/12497\/revisions"}],"predecessor-version":[{"id":18466,"href":"https:\/\/www.jepars.ch\/magazine\/wp-json\/wp\/v2\/posts\/12497\/revisions\/18466"}],"wp:featuredmedia":[{"embeddable":true,"href":"https:\/\/www.jepars.ch\/magazine\/wp-json\/wp\/v2\/media\/12557"}],"wp:attachment":[{"href":"https:\/\/www.jepars.ch\/magazine\/wp-json\/wp\/v2\/media?parent=12497"}],"wp:term":[{"taxonomy":"category","embeddable":true,"href":"https:\/\/www.jepars.ch\/magazine\/wp-json\/wp\/v2\/categories?post=12497"},{"taxonomy":"post_tag","embeddable":true,"href":"https:\/\/www.jepars.ch\/magazine\/wp-json\/wp\/v2\/tags?post=12497"}],"curies":[{"name":"wp","href":"https:\/\/api.w.org\/{rel}","templated":true}]}}