{"id":10146,"date":"2023-02-24T08:00:43","date_gmt":"2023-02-24T07:00:43","guid":{"rendered":"http:\/\/www.jepars.ch\/magazine\/?p=10146"},"modified":"2023-03-25T17:26:52","modified_gmt":"2023-03-25T16:26:52","slug":"madere-lescale-des-conquistadors","status":"publish","type":"post","link":"https:\/\/www.jepars.ch\/magazine\/madere-lescale-des-conquistadors\/","title":{"rendered":"Mad\u00e8re, l&#8217;escale des conquistadors"},"content":{"rendered":"<p>L\u2019afflux des vacanciers qui convergent vers Mad\u00e8re de tous les coins d\u2019Europe, quelle que soit la saison, explique que ce territoire portugais ait fait du tourisme sa premi\u00e8re \u00e9conomie, m\u00eame si la majorit\u00e9 de ses plages sont faites de sable volcanique.<br \/>\nAu milieu de l\u2019Atlantique, au large du Maroc, il est un petit archipel compos\u00e9 d\u2019une \u00eele principale de 727 km2, et de sa petite s\u0153ur, l\u2019\u00eele de Porto Santo d\u2019une superficie de 43 km2, dont 9 km de plages de sable blanc, \u00e0 laquelle s\u2019ajoutent quelques \u00eelots inhabit\u00e9s.<br \/>\nMad\u00e8re est une sorte de grande montagne centrale et d\u2019un plateau dont le pourtour est form\u00e9 de c\u00f4tes sauvages et de falaises abruptes entre lesquelles viennent se nicher des villages de p\u00eacheurs.<br \/>\nUne latitude \u00e9quivalente \u00e0 celle du sud du Maroc lui octroie un climat subtropical doux tout au long de l\u2019ann\u00e9e, une aubaine pour les habitants de Mad\u00e8re qui voient pousser sans effort sur leur territoire une infinie vari\u00e9t\u00e9 de fruits, de l\u00e9gumes et de fleurs tropicaux. C\u2019est un vrai bonheur pour les amateurs de jardins tropicaux qui les d\u00e9couvriront un peu partout dans l\u2019\u00eele, le meilleur exemple \u00e9tant la roseraie de la Quinta de Arco avec ses 1500 esp\u00e8ces de roses.<br \/>\nL\u2019arch\u00e9type du paysage c\u00f4tier se compose de fermes accroch\u00e9es aux collines, voire m\u00eame aux falaises, entour\u00e9es de plantations diverses, dont les plus fr\u00e9quentes sont des bananeraies ou des champs de cannes \u00e0 sucre. C\u2019est un charmant damier multicolore que l\u2019on admire depuis les nombreux belv\u00e9d\u00e8res le long de la route c\u00f4ti\u00e8re escarp\u00e9e. Parfois, on d\u00e9couvre un petit jardin dans un \u00e9boulis au bas d\u2019une falaise.<br \/>\nHormis les bananes et le vin de Mad\u00e8re, l\u2019exportation des fleurs et des fruits tropicaux semble \u00eatre modeste, le cas le plus surprenant \u00e9tant la canne \u00e0 sucre qui ne sert qu\u2019\u00e0 une production locale de m\u00e9lasse qui, transform\u00e9e en une sorte de rhum, servira \u00e0 la composition du cocktail local appel\u00e9 \u00abponcha\u00bb.<\/p>\n<p><strong>Funchal, l\u2019escale des conquistadors<\/strong><br \/>\nComme les A\u00e7ores, Mad\u00e8re fut une escale pris\u00e9e pour les aventuriers navigateurs et autres conquistadors, tel Jo\u00e3o Gon\u00e7alves Zarco, avant d\u2019affronter les furies de l\u2019Atlantique. A la p\u00e9riph\u00e9rie, une grande partie de la capitale porte le nom de \u00abquartier touristique \u00bb et, outre des h\u00f4tels en tous genres, et tout ce qui va avec, comme restaurants, boutiques, magasins de souvenirs, etc. Mais plus attractif est <img loading=\"lazy\" decoding=\"async\" class=\"alignleft size-medium wp-image-10336\" title=\"funchal\" src=\"http:\/\/www.jepars.ch\/magazine\/wp-content\/uploads\/2014\/04\/funchal_03-455x303.jpg\" alt=\"funchal\" width=\"273\" height=\"182\" srcset=\"https:\/\/www.jepars.ch\/magazine\/wp-content\/uploads\/2014\/04\/funchal_03-455x303.jpg 455w, https:\/\/www.jepars.ch\/magazine\/wp-content\/uploads\/2014\/04\/funchal_03-150x100.jpg 150w, https:\/\/www.jepars.ch\/magazine\/wp-content\/uploads\/2014\/04\/funchal_03.jpg 1024w\" sizes=\"auto, (max-width: 273px) 100vw, 273px\" \/>le centre, o\u00f9 se trouve la vieille ville concentr\u00e9e autour des rivi\u00e8res Santa Lucia et Joao Gomes. Outre le fort S\u00e3o Louren\u00e7o datant du XVIe si\u00e8cle et la cath\u00e9drale, qui sont les monuments phares de la capitale de Mad\u00e8re, on d\u00e9couvre de vieux b\u00e2timents de style Art Nouveaux que sont notamment celui qui servit au stockage du sucre de canne et la plus ancienne banque de Mad\u00e8re. Mais on retiendra surtout l\u2019omnipr\u00e9sence d\u2019azulejos (histoire de ne pas oublier que nous sommes au Portugal), qui ornent, entre autres, l\u2019entr\u00e9e du grand march\u00e9. Parlons-en: Il est divis\u00e9 en deux espaces. L\u2019un concerne les fleurs et les fruits tropicaux dont la vari\u00e9t\u00e9 est infinie; l\u2019autre est plus spectaculaire encore, car il est d\u00e9di\u00e9 aux \u00e9tals des poissonniers. Le march\u00e9 aux poissons de Funchal a ceci de particulier qu\u2019on peut observer, depuis la terrasse du march\u00e9 aux\u00a0 fleurs, la virtuosit\u00e9 avec laquelle les poissonniers tranchent les filets des plus grands poissons comme les espadons ou les barracudas.<br \/>\nUn passage oblig\u00e9 est celui de la Rua Santa Maria pour admirer les peintures originales qui ornent ses portes et en font une ruelle d\u2019art spontan\u00e9.<\/p>\n<blockquote><p><strong>Divin nectar<\/strong><br \/>\nMais qu\u2019est-ce donc qui fait vivre les habitants de Mad\u00e8re? Logiquement vous direz: le fameux vin de Mad\u00e8re. C\u2019est effectivement le cas depuis le trait\u00e9 de Methuen (1703) qui devait unir l\u2019Angleterre et l\u2019Espagne. A l\u2019instar du porto ou du x\u00e9r\u00e8s, il devait fournir la Grande-Bretagne en vin jusqu\u2019\u00e0 nos jours. L\u2019engouement des Britanniques pour le mad\u00e8re n\u2019allait pas tarder \u00e0 attirer des Anglais qui, ayant flair\u00e9 la bonne affaire, allaient acheter des terrains \u00e0 Mad\u00e8re pour y faire pousser de la vigne et vinifier le nectar. Voil\u00e0 encore une attraction pour les visiteurs qui participeront \u00e0 des s\u00e9ances de \u00abvine tasting\u00bb dans leur h\u00f4tel o\u00f9 directement dans l\u2019une des caves de l\u2019\u00eele.<\/p><\/blockquote>\n<p><strong>Le littoral sud<\/strong><br \/>\nLe tour de la c\u00f4te est un must \u00e0 faire en voiture de location. La route est \u00e0 flanc de montagne et, souvent, passe par une enfilade de tunnels qui facilitent grandement la liaison routi\u00e8re entre deux villages de bord de mer ou de montagne permettent d\u2019aller d\u2019un village \u00e0 l\u2019autre en un temps record. Cette route principale est reli\u00e9e \u00e0 des axes secondaires qui permettent de rejoindre les villages du littoral. La configuration de la plupart de ces villages est similaire. C\u2019est un peu comme si le moindre espace plan au bas des montagnes \u00e0 l\u2019embouchure de cours d\u2019eau ait \u00e9t\u00e9 imm\u00e9diatement occup\u00e9 par des constructions villageoises. A quelques nuances pr\u00e8s, on retrouve un peu partout le port de p\u00eache, les terrasses de bistrots, les restaurants de poissons et les promenades le long de la mer. <img loading=\"lazy\" decoding=\"async\" class=\"alignright size-medium wp-image-10338\" title=\"madere\" src=\"http:\/\/www.jepars.ch\/magazine\/wp-content\/uploads\/2014\/04\/madere_01-455x303.jpg\" alt=\"madere\" width=\"273\" height=\"182\" srcset=\"https:\/\/www.jepars.ch\/magazine\/wp-content\/uploads\/2014\/04\/madere_01-455x303.jpg 455w, https:\/\/www.jepars.ch\/magazine\/wp-content\/uploads\/2014\/04\/madere_01-150x100.jpg 150w, https:\/\/www.jepars.ch\/magazine\/wp-content\/uploads\/2014\/04\/madere_01.jpg 1024w\" sizes=\"auto, (max-width: 273px) 100vw, 273px\" \/>C\u00e0mara de Lobos est un peu le Saint-Tropez de Mad\u00e8re en raison de sa proximit\u00e9 de Funchal, la touristique. Les habitants s\u2019y m\u00ealent aux vacanciers en qu\u00eate d\u2019une br\u00e8ve \u00e9vasion. Sa particularit\u00e9 est d\u2019\u00eatre surplomb\u00e9e par l\u2019une des plus hautes falaises d\u2019Europe, le Cap Gira\u00f5. Son nom lui vient d\u2019une colonie de phoques moines qui y s\u00e9journa jadis. La ville est entour\u00e9e de vignes consacr\u00e9es, bien entendu, au vin de Mad\u00e8re. La baie est le site favori des artistes peintres, dont Sir Winston Churchill dans les ann\u00e9es 50.<br \/>\nPlus loin vers l\u2019ouest, Ribeira Brava (rivi\u00e8re sauvage) est lov\u00e9e entre deux falaises avec une forme de rade en fer \u00e0 cheval; son \u00e9glise fait penser \u00e0 celles des A\u00e7ores. Sur le front de mer, l\u2019esplanade est bord\u00e9e d\u2019une tonnelle o\u00f9 les p\u00eacheurs s\u2019adonnent \u00e0 leur passion favorite du domino.<br \/>\nA une encablure de l\u00e0 se trouve Ponta do Sol avec sa plage de galets.<br \/>\nDe ce village \u00e9mane un calme olympien. C\u2019est le coin le plus ensoleill\u00e9 de l\u2019\u00eele et les habitants de Mad\u00e8re vous affirmeront que c\u2019est de l\u00e0 qu\u2019on peut admirer les plus beaux couchers de soleil. Au large de Ponta do Sol, se trouve l\u2019\u00e9pave du Bowbelle, une drague qui op\u00e9rait jadis sur la Tamise est, on s\u2019en doute, le centre d\u2019int\u00e9r\u00eat des plongeurs avec bouteilles. Tout autour s\u2019\u00e9talent des cultures de vignes, de bananes et de cannes \u00e0 sucre.<br \/>\nPlus \u00e0 l\u2019ouest encore, Madalena do Mar est un petit village dont le nom vient d\u2019un prince polonais du XVe si\u00e8cle, Henry Allem\u00e3o. Il \u00e9difia une chapelle d\u00e9di\u00e9e \u00e0 sainte Marie-Madeleine. C\u2019est un autre village de p\u00eacheurs, avec une superbe promenade longeant la plage de galets.<br \/>\nCalheta est peut-\u00eatre l\u2019un des coins les plus touristiques de Mad\u00e8re. La raison en est l\u2019am\u00e9nagement de deux plages artificielles de sable dor\u00e9 dans un pays o\u00f9 la plupart sont faites de sable noir volcanique. Fond\u00e9e<br \/>\nen 1430, elle fut l\u2019un des premiers lieux \u00e0 avoir \u00e9t\u00e9 explor\u00e9s par les colons. Au bord de la falaise surplombant la marina de Calheta tr\u00f4ne Casa das Mudas et son centre artistique moderne accueillant r\u00e9guli\u00e8rement des expositions et des concerts. Calheta est aussi connue pour faire le meilleur rhum blanc du nom d\u2019aguardente. Il faut visiter l\u2019\u00e9glise Igreja de S\u00e3o Bento, le monument r\u00e9gional le mieux conserv\u00e9, qui expose des peintures datant du XVIe si\u00e8cle.<\/p>\n<p><strong>Le littoral nord<\/strong><br \/>\nEn descendant de la montagne, la premi\u00e8re vision de Porto Moniz est une aiguille rocheuse sortant de la mer et ressemblant \u00e0 celle d\u2019Etretat. Le clou de cet endroit est l\u2019enclos des piscines naturelles volcaniques o\u00f9 touristes et locaux se baignent presque toute l\u2019ann\u00e9e. Le fort historique de Jo\u00e3o Batista y fut \u00e9difi \u00e9 en 1730 afi n de se prot\u00e9ger des attaques des pirates.<br \/>\n<img loading=\"lazy\" decoding=\"async\" class=\"alignleft size-medium wp-image-10341\" title=\"madere\" src=\"http:\/\/www.jepars.ch\/magazine\/wp-content\/uploads\/2014\/04\/madere_04-455x303.jpg\" alt=\"madere\" width=\"455\" height=\"303\" srcset=\"https:\/\/www.jepars.ch\/magazine\/wp-content\/uploads\/2014\/04\/madere_04-455x303.jpg 455w, https:\/\/www.jepars.ch\/magazine\/wp-content\/uploads\/2014\/04\/madere_04-150x100.jpg 150w, https:\/\/www.jepars.ch\/magazine\/wp-content\/uploads\/2014\/04\/madere_04.jpg 1024w\" sizes=\"auto, (max-width: 455px) 100vw, 455px\" \/>Plus \u00e0 l\u2019est, Santana est renomm\u00e9e pour ses maisons typiques de pierres triangulaires couvertes d\u2019un toit en chaume. Datant du XVIe si\u00e8cle, la plupart d\u2019entre elles sont d\u00e9sormais conserv\u00e9es pour attirer les touristes, mais, surtout dans la p\u00e9riph\u00e9rie du village, certaines d\u2019entre elles sont encore habit\u00e9es. Le long de la voie rapide se trouve la Quinta do Fur\u00e3o (un manoir) b\u00e9n\u00e9ficiant d\u2019un panorama exceptionnel sur l\u2019oc\u00e9an et le littoral.<br \/>\nMachico est une ville historique et la deuxi\u00e8me plus peupl\u00e9e de l\u2019\u00eele. Elle fut la premi\u00e8re capitale de Mad\u00e8re de 1440 \u00e0 1496, et c\u2019est l\u00e0 o\u00f9 s\u2019install\u00e8rent les premiers explorateurs, en 1420. C\u2019est \u00e0 Machico que se trouve le gros \u0153uvre spectaculaire qu\u2019est la piste d\u2019envol de l\u2019a\u00e9roport de Funchal.<\/p>\n<p><strong>Texte et photos G\u00e9rard Blanc<\/strong><\/p>\nngg_shortcode_0_placeholder\n<p><strong><br \/>\n<\/strong><\/p>\n<h5><\/h5>\n<h3><!-- [if IE 6]&gt;\t&lt;![endif]--> <!-- [if IE 7]&gt;\t&lt;![endif]--> <!-- This site uses the Yoast Google Analytics plugin v5.1.2 - Universal disabled - https:\/\/yoast.com\/wordpress\/plugins\/google-analytics\/ --><\/h3>\n<h3><span style=\"color: #ff0000\">Infos pratiques<\/span><\/h3>\n<h5><span style=\"color: #ff0000\">Vol<\/span><\/h5>\n<p>Plusieurs correspondances par jour avec TAP Portugal au d\u00e9part de Gen\u00e8ve via Lisbonne.<\/p>\n<h5><span style=\"color: #ff0000\">A voir et \u00e0 faire encore<\/span><\/h5>\n<p>Monter en t\u00e9l\u00e9cabine du littoral aux hauteurs de Funchal et redescendre en \u00abpanier-toboggan\u00bb, attraction touristique par excellence, mais avec de l\u2019\u00e9motion garantie m\u00eal\u00e9e d\u2019une admiration pour les sortes de \u00abmushers\u00bb de toboggans, de v\u00e9ritables artistes pour guider l\u2019embarcation \u00e0 travers les ruelles tortueuses des hauts de Funchal.<\/p>\n<h5><span style=\"color: #ff0000\">Folklore<\/span><\/h5>\n<p>Il est, somme toute, assez similaire au folklore portugais du continent, avec des instruments courants comme la mandoline, l\u2019accord\u00e9on, le chant, etc., et des danses de groupe rappelant celles de la Galice, retra\u00e7ant les coutumes paysannes. M\u00eame si la chose est moins courue, on trouve des clubs de fado \u00e0 Funchal.<span style=\"color: #ff0000\"><br \/>\n<\/span><\/p>\n<h5><span style=\"color: #ff0000\">Artisanat<\/span><\/h5>\n<p>Il y en a de multiples, mais on retiendra surtout les broderies dignes de virtuoses et les objets en rotin.<\/p>\n<p><small><a style=\"color: #0000ff;text-align: left\" href=\"https:\/\/www.google.fr\/maps?t=m&amp;ie=UTF8&amp;ll=32.766491,-17.027435&amp;spn=0.391469,0.727158&amp;z=11&amp;source=embed\" target=\"_blank\">Agrandir le plan<\/a><\/small><\/p>\n","protected":false},"excerpt":{"rendered":"<p>ok<\/p>\n","protected":false},"author":3,"featured_media":10334,"comment_status":"open","ping_status":"closed","sticky":false,"template":"","format":"standard","meta":{"ngg_post_thumbnail":0,"footnotes":""},"categories":[7,12,53],"tags":[6207,7082,6676,7081,9532,7083,5075],"class_list":["post-10146","post","type-post","status-publish","format-standard","has-post-thumbnail","hentry","category-europe","category-aladecouverte","category-portugal","tag-atlantique","tag-cristal-voyages","tag-funchal-2","tag-madere-2","tag-portugal","tag-santana","tag-vin"],"wps_subtitle":"JE PARS \u00c0 LA D\u00c9COUVERTE","_links":{"self":[{"href":"https:\/\/www.jepars.ch\/magazine\/wp-json\/wp\/v2\/posts\/10146","targetHints":{"allow":["GET"]}}],"collection":[{"href":"https:\/\/www.jepars.ch\/magazine\/wp-json\/wp\/v2\/posts"}],"about":[{"href":"https:\/\/www.jepars.ch\/magazine\/wp-json\/wp\/v2\/types\/post"}],"author":[{"embeddable":true,"href":"https:\/\/www.jepars.ch\/magazine\/wp-json\/wp\/v2\/users\/3"}],"replies":[{"embeddable":true,"href":"https:\/\/www.jepars.ch\/magazine\/wp-json\/wp\/v2\/comments?post=10146"}],"version-history":[{"count":32,"href":"https:\/\/www.jepars.ch\/magazine\/wp-json\/wp\/v2\/posts\/10146\/revisions"}],"predecessor-version":[{"id":20013,"href":"https:\/\/www.jepars.ch\/magazine\/wp-json\/wp\/v2\/posts\/10146\/revisions\/20013"}],"wp:featuredmedia":[{"embeddable":true,"href":"https:\/\/www.jepars.ch\/magazine\/wp-json\/wp\/v2\/media\/10334"}],"wp:attachment":[{"href":"https:\/\/www.jepars.ch\/magazine\/wp-json\/wp\/v2\/media?parent=10146"}],"wp:term":[{"taxonomy":"category","embeddable":true,"href":"https:\/\/www.jepars.ch\/magazine\/wp-json\/wp\/v2\/categories?post=10146"},{"taxonomy":"post_tag","embeddable":true,"href":"https:\/\/www.jepars.ch\/magazine\/wp-json\/wp\/v2\/tags?post=10146"}],"curies":[{"name":"wp","href":"https:\/\/api.w.org\/{rel}","templated":true}]}}